{"id":92690,"date":"2018-02-26T22:00:55","date_gmt":"2018-02-27T01:00:55","guid":{"rendered":"http:\/\/diarioregionaljf.com.br\/2018\/02\/26\/brasileiros-sao-convocados-para-mundial-indoor-2\/"},"modified":"2018-02-26T22:00:55","modified_gmt":"2018-02-27T01:00:55","slug":"brasileiros-sao-convocados-para-mundial-indoor-2","status":"publish","type":"post","link":"https:\/\/diarioregionaldigital.com.br\/?p=92690","title":{"rendered":"Brasileiros s\u00e3o convocados para Mundial Indoor"},"content":{"rendered":"<p>Thiago Braz e outros seis atletas v\u00e3o representar o Brasil no Campeonato Mundial de Atletismo Indoor, em Birmingham, na Gr\u00e3-Bretanha. A Confedera\u00e7\u00e3o Brasileira de Atletismo (CBAt) anunciou, nesta ter\u00e7a-feira, os convocados para o evento, que acontece entre 1 e 4 de mar\u00e7o.&nbsp;Al\u00e9m de Braz, o Pa\u00eds leva outro destaque: Almir Cunha dos Santos, l\u00edder do Ranking da temporada no triplo.<\/p>\n<p>Para garantir a vaga na competi\u00e7\u00e3o, os atletas conseguiram os \u00edndices exigidos pela Associa\u00e7\u00e3o Internacional de Federa\u00e7\u00f5es de Atletismo (IAAF), no per\u00edodo de 1 de janeiro de 2017 a 19 de fevereiro de 2018.&nbsp;Em suas participa\u00e7\u00f5es no Mundial Indoor, os brasileiros somam 15 medalhas: s\u00e3o quatro de ouro, cinco de prata e seis de bronze.<\/p>\n<p>Al\u00e9m de Braz e Cunha, Darlan Romani,&nbsp;ol\u00edmpico do arremesso do peso, Rosangela Santos, dos 60 metros, e N\u00fabia Aparecida Soares, do salto triplo, tamb\u00e9m participar\u00e3o da disputa. Os \u00faltimos a fazerem seus \u00edndices e classificarem-se para representar o verde e amarelo foram Gabriel Constantino, que venceu os 60 m com barreiras, com 7,60, igualando o recorde sul-americano da prova, e Vit\u00f3ria Rosa, dona de 7,27, nos 60 m.<\/p>\n<p>Uma les\u00e3o tirou, entretanto, uma qualificada da disputa. Leticia Cherpe de Souza tinha \u00edndice nos 400 metros, mas n\u00e3o poder\u00e1 disputar segundo informa\u00e7\u00f5es de seu t\u00e9cnico, Victor Fernandes.<\/p>\n","protected":false},"excerpt":{"rendered":"<p>Thiago Braz e outros seis atletas v\u00e3o representar o Brasil no Campeonato Mundial de Atletismo Indoor, em Birmingham, na Gr\u00e3-Bretanha. A Confedera\u00e7\u00e3o Brasileira de Atletismo (CBAt) anunciou, nesta ter\u00e7a-feira, os convocados para o evento, que acontece entre 1 e 4 de mar\u00e7o.&nbsp;Al\u00e9m de Braz, o Pa\u00eds leva outro destaque: Almir Cunha dos Santos, l\u00edder do [&hellip;]<\/p>\n","protected":false},"author":96,"featured_media":92689,"comment_status":"closed","ping_status":"closed","sticky":false,"template":"","format":"standard","meta":{"footnotes":""},"categories":[257],"tags":[],"class_list":["post-92690","post","type-post","status-publish","format-standard","has-post-thumbnail","hentry","category-esporte"],"_links":{"self":[{"href":"https:\/\/diarioregionaldigital.com.br\/index.php?rest_route=\/wp\/v2\/posts\/92690","targetHints":{"allow":["GET"]}}],"collection":[{"href":"https:\/\/diarioregionaldigital.com.br\/index.php?rest_route=\/wp\/v2\/posts"}],"about":[{"href":"https:\/\/diarioregionaldigital.com.br\/index.php?rest_route=\/wp\/v2\/types\/post"}],"author":[{"embeddable":true,"href":"https:\/\/diarioregionaldigital.com.br\/index.php?rest_route=\/wp\/v2\/users\/96"}],"replies":[{"embeddable":true,"href":"https:\/\/diarioregionaldigital.com.br\/index.php?rest_route=%2Fwp%2Fv2%2Fcomments&post=92690"}],"version-history":[{"count":0,"href":"https:\/\/diarioregionaldigital.com.br\/index.php?rest_route=\/wp\/v2\/posts\/92690\/revisions"}],"wp:featuredmedia":[{"embeddable":true,"href":"https:\/\/diarioregionaldigital.com.br\/index.php?rest_route=\/wp\/v2\/media\/92689"}],"wp:attachment":[{"href":"https:\/\/diarioregionaldigital.com.br\/index.php?rest_route=%2Fwp%2Fv2%2Fmedia&parent=92690"}],"wp:term":[{"taxonomy":"category","embeddable":true,"href":"https:\/\/diarioregionaldigital.com.br\/index.php?rest_route=%2Fwp%2Fv2%2Fcategories&post=92690"},{"taxonomy":"post_tag","embeddable":true,"href":"https:\/\/diarioregionaldigital.com.br\/index.php?rest_route=%2Fwp%2Fv2%2Ftags&post=92690"}],"curies":[{"name":"wp","href":"https:\/\/api.w.org\/{rel}","templated":true}]}}