{"id":92688,"date":"2018-02-26T21:58:31","date_gmt":"2018-02-27T00:58:31","guid":{"rendered":"http:\/\/diarioregionaljf.com.br\/2018\/02\/26\/bolt-anuncia-acerto-com-clube-de-futebol\/"},"modified":"2018-02-26T21:58:31","modified_gmt":"2018-02-27T00:58:31","slug":"bolt-anuncia-acerto-com-clube-de-futebol","status":"publish","type":"post","link":"https:\/\/diarioregionaldigital.com.br\/?p=92688","title":{"rendered":"Bolt anuncia acerto com clube de futebol"},"content":{"rendered":"<p>Lenda do atletismo, Usain Bolt finalmente testar\u00e1 suas habilidades no futebol. O multi-campe\u00e3o ol\u00edmpico e mundial sempre flertou com a possibilidade de trocar as pistas pelos gramados e, ao que parece, esse dia chegou. Confesso apaixonado pelo esporte e torcedor fan\u00e1tico do Manchester United, o jamaicano anunciou nesta segunda-feira, por meio de suas redes sociais, que j\u00e1 est\u00e1 acertado com um time, que s\u00f3 ser\u00e1 revelado nesta ter\u00e7a.<\/p>\n<p>No in\u00edcio deste ano, o \u201cFlecha\u201d chegou a dizer que faria testes no Borussia Dortmund. No ano passado, recebeu um convite do Beira-Mar para jogar em Portugal. No entanto, nenhum dos dois times confirmou a chegada do velocista. O patroc\u00ednio da Puma pode facilitar o ingresso do jamaicano no futebol, j\u00e1 que \u00e9 a fornecedora de material esportivo de diversos clubes pelo mundo.<\/p>\n<p>Como corredor, Usain Bolt possui oito medalhas de ouro em tr\u00eas Jogos Ol\u00edmpicos disputados. Ele tamb\u00e9m det\u00e9m o recorde mundial nas provas de 100 e 200 metros rasos, modalidades com as quais se tornou o primeiro atleta a se tornar tricampe\u00e3o ol\u00edmpico de forma consecutiva. O \u2018homem mais r\u00e1pido do mundo\u2019 se aposentou ao final do Mundial de Atletismo de Londres, em 2017, se despedindo com a medalha de bronze nos 100m, cujo t\u00edtulo ficou com o americano Justin Gatlin.<\/p>\n","protected":false},"excerpt":{"rendered":"<p>Lenda do atletismo, Usain Bolt finalmente testar\u00e1 suas habilidades no futebol. O multi-campe\u00e3o ol\u00edmpico e mundial sempre flertou com a possibilidade de trocar as pistas pelos gramados e, ao que parece, esse dia chegou. Confesso apaixonado pelo esporte e torcedor fan\u00e1tico do Manchester United, o jamaicano anunciou nesta segunda-feira, por meio de suas redes sociais, [&hellip;]<\/p>\n","protected":false},"author":96,"featured_media":92687,"comment_status":"closed","ping_status":"closed","sticky":false,"template":"","format":"standard","meta":{"footnotes":""},"categories":[257],"tags":[],"class_list":["post-92688","post","type-post","status-publish","format-standard","has-post-thumbnail","hentry","category-esporte"],"_links":{"self":[{"href":"https:\/\/diarioregionaldigital.com.br\/index.php?rest_route=\/wp\/v2\/posts\/92688","targetHints":{"allow":["GET"]}}],"collection":[{"href":"https:\/\/diarioregionaldigital.com.br\/index.php?rest_route=\/wp\/v2\/posts"}],"about":[{"href":"https:\/\/diarioregionaldigital.com.br\/index.php?rest_route=\/wp\/v2\/types\/post"}],"author":[{"embeddable":true,"href":"https:\/\/diarioregionaldigital.com.br\/index.php?rest_route=\/wp\/v2\/users\/96"}],"replies":[{"embeddable":true,"href":"https:\/\/diarioregionaldigital.com.br\/index.php?rest_route=%2Fwp%2Fv2%2Fcomments&post=92688"}],"version-history":[{"count":0,"href":"https:\/\/diarioregionaldigital.com.br\/index.php?rest_route=\/wp\/v2\/posts\/92688\/revisions"}],"wp:featuredmedia":[{"embeddable":true,"href":"https:\/\/diarioregionaldigital.com.br\/index.php?rest_route=\/wp\/v2\/media\/92687"}],"wp:attachment":[{"href":"https:\/\/diarioregionaldigital.com.br\/index.php?rest_route=%2Fwp%2Fv2%2Fmedia&parent=92688"}],"wp:term":[{"taxonomy":"category","embeddable":true,"href":"https:\/\/diarioregionaldigital.com.br\/index.php?rest_route=%2Fwp%2Fv2%2Fcategories&post=92688"},{"taxonomy":"post_tag","embeddable":true,"href":"https:\/\/diarioregionaldigital.com.br\/index.php?rest_route=%2Fwp%2Fv2%2Ftags&post=92688"}],"curies":[{"name":"wp","href":"https:\/\/api.w.org\/{rel}","templated":true}]}}