{"id":92686,"date":"2018-02-26T21:56:26","date_gmt":"2018-02-27T00:56:26","guid":{"rendered":"http:\/\/diarioregionaljf.com.br\/2018\/02\/26\/jf-volei-vence-maringa-e-conquista-a-primeira-vitoria-diante-da-torcida\/"},"modified":"2018-02-26T21:56:26","modified_gmt":"2018-02-27T00:56:26","slug":"jf-volei-vence-maringa-e-conquista-a-primeira-vitoria-diante-da-torcida","status":"publish","type":"post","link":"https:\/\/diarioregionaldigital.com.br\/?p=92686","title":{"rendered":"JF V\u00f4lei vence Maring\u00e1 e conquista a primeira vit\u00f3ria diante da torcida"},"content":{"rendered":"<p>A partida no Gin\u00e1sio da UFJF marcou o reencontro entre as duas equipes, com vit\u00f3ria do JF V\u00f4lei por 3 sets a 2. Enquanto os anfitri\u00f5es precisavam lidar com a derrota na \u00faltima quarta-feira, para o Sesc-RJ ap\u00f3s terem aberto 2 sets a 0, o Copel\/Telecom\/Maring\u00e1 vinha embalado pelas vit\u00f3rias sobre o Ponta Grossa\/Caramuru e Lebes\/Canoas.<\/p>\n<p>No primeiro set, os paranaenses chegaram a comandar o placar durante a maior parte do tempo, mas o JF V\u00f4lei nunca deixou o advers\u00e1rio desgarrar e virou o marcador no momento mais importante, fechando primeiro set em 25 a 22 ap\u00f3s 26 minutos de jogo. O segundo set foi ainda mais f\u00e1cil, com o Copel\/Telecom\/Maring\u00e1 abusando de erros de ataque e saque, e com o ataque dos juiz-foranos explorando bem o bloqueio advers\u00e1rio. O resultado foi a vit\u00f3ria por 25 a 16, em 24 minutos. No terceiro e decisivo set, tanto o ataque quanto o bloqueio foram decisivos para o bom desempenho da equipe, que fechou o marcador em 25 a 20 ap\u00f3s 27 minutos.<\/p>\n<p>&nbsp;\u201cO resultado veio com muita luta, com todos jogando bem e com um grande trabalho coletivo\u201d, elogiou. \u201cN\u00e3o nos deixamos abalar pelas derrotas. \u00c9 um grupo jovem, que n\u00e3o desiste e que precisa jogar para mostrar todo o potencial,\u201d comentou Henrique Furtado, T\u00e9cnico do JF.<\/p>\n<p>Brigando contra o rebaixamento, os tr\u00eas pontos foram fundamentais para o JF V\u00f4lei continuar sonhando com a chance de escapar, faltando ainda tr\u00eas partidas para o encerramento da fase de classifica\u00e7\u00e3o.&nbsp; Com o resultado, os mineiros chegaram aos oito pontos e est\u00e3o em 11\u00ba lugar, ultrapassando justamente Maring\u00e1, que com sete pontos voltaram para a lanterna da competi\u00e7\u00e3o.<\/p>\n","protected":false},"excerpt":{"rendered":"<p>A partida no Gin\u00e1sio da UFJF marcou o reencontro entre as duas equipes, com vit\u00f3ria do JF V\u00f4lei por 3 sets a 2. Enquanto os anfitri\u00f5es precisavam lidar com a derrota na \u00faltima quarta-feira, para o Sesc-RJ ap\u00f3s terem aberto 2 sets a 0, o Copel\/Telecom\/Maring\u00e1 vinha embalado pelas vit\u00f3rias sobre o Ponta Grossa\/Caramuru e [&hellip;]<\/p>\n","protected":false},"author":96,"featured_media":92685,"comment_status":"closed","ping_status":"closed","sticky":false,"template":"","format":"standard","meta":{"footnotes":""},"categories":[257],"tags":[],"class_list":["post-92686","post","type-post","status-publish","format-standard","has-post-thumbnail","hentry","category-esporte"],"_links":{"self":[{"href":"https:\/\/diarioregionaldigital.com.br\/index.php?rest_route=\/wp\/v2\/posts\/92686","targetHints":{"allow":["GET"]}}],"collection":[{"href":"https:\/\/diarioregionaldigital.com.br\/index.php?rest_route=\/wp\/v2\/posts"}],"about":[{"href":"https:\/\/diarioregionaldigital.com.br\/index.php?rest_route=\/wp\/v2\/types\/post"}],"author":[{"embeddable":true,"href":"https:\/\/diarioregionaldigital.com.br\/index.php?rest_route=\/wp\/v2\/users\/96"}],"replies":[{"embeddable":true,"href":"https:\/\/diarioregionaldigital.com.br\/index.php?rest_route=%2Fwp%2Fv2%2Fcomments&post=92686"}],"version-history":[{"count":0,"href":"https:\/\/diarioregionaldigital.com.br\/index.php?rest_route=\/wp\/v2\/posts\/92686\/revisions"}],"wp:featuredmedia":[{"embeddable":true,"href":"https:\/\/diarioregionaldigital.com.br\/index.php?rest_route=\/wp\/v2\/media\/92685"}],"wp:attachment":[{"href":"https:\/\/diarioregionaldigital.com.br\/index.php?rest_route=%2Fwp%2Fv2%2Fmedia&parent=92686"}],"wp:term":[{"taxonomy":"category","embeddable":true,"href":"https:\/\/diarioregionaldigital.com.br\/index.php?rest_route=%2Fwp%2Fv2%2Fcategories&post=92686"},{"taxonomy":"post_tag","embeddable":true,"href":"https:\/\/diarioregionaldigital.com.br\/index.php?rest_route=%2Fwp%2Fv2%2Ftags&post=92686"}],"curies":[{"name":"wp","href":"https:\/\/api.w.org\/{rel}","templated":true}]}}