{"id":92684,"date":"2018-02-26T21:52:25","date_gmt":"2018-02-27T00:52:25","guid":{"rendered":"http:\/\/diarioregionaljf.com.br\/2018\/02\/26\/danielly-vitoria-garante-o-grand-slam-e-se-firma-como-titular-na-selecao-brasileira-juvenil\/"},"modified":"2018-02-26T21:52:25","modified_gmt":"2018-02-27T00:52:25","slug":"danielly-vitoria-garante-o-grand-slam-e-se-firma-como-titular-na-selecao-brasileira-juvenil","status":"publish","type":"post","link":"https:\/\/diarioregionaldigital.com.br\/?p=92684","title":{"rendered":"Danielly Vit\u00f3ria garante o Grand Slam e se firma como titular na sele\u00e7\u00e3o Brasileira Juvenil"},"content":{"rendered":"<p>Danielly Vit\u00f3ria, de &nbsp;14 anos, atleta juiz-forana de taekwondo, conquistou no \u00faltimo s\u00e1bado, 24, o Grand Slam e a vaga de titular juvenil na Sele\u00e7\u00e3o Brasileira da modalidade.<\/p>\n<p>A atleta competiu na cidade do Rio de Janeiro e ap\u00f3s tr\u00eas lutas, consagrou-se campe\u00e3. A primeira ela ganhou de 28 a 3, a segunda luta ela entrou perdendo, mas conseguiu virar o jogo e ganhou de 15 a 7, e na \u00faltima Danielly foi campe\u00e3 do Grand Slam, com o placar de 26 a 10. &nbsp;<\/p>\n<p>A atleta comemorou com muita garra a conquista da vaga da Sele\u00e7\u00e3o Brasileira. O treino intensivo e ininterrupto garantiu que ela estivesse preparada para enfrentar um novo desafio: o de competir com lutadoras de 15 a 17 anos e com maior peso, isso porque a atleta completa seus 15 anos em 2018.&nbsp;<\/p>\n","protected":false},"excerpt":{"rendered":"<p>Danielly Vit\u00f3ria, de &nbsp;14 anos, atleta juiz-forana de taekwondo, conquistou no \u00faltimo s\u00e1bado, 24, o Grand Slam e a vaga de titular juvenil na Sele\u00e7\u00e3o Brasileira da modalidade. A atleta competiu na cidade do Rio de Janeiro e ap\u00f3s tr\u00eas lutas, consagrou-se campe\u00e3. A primeira ela ganhou de 28 a 3, a segunda luta ela [&hellip;]<\/p>\n","protected":false},"author":96,"featured_media":92683,"comment_status":"closed","ping_status":"closed","sticky":false,"template":"","format":"standard","meta":{"footnotes":""},"categories":[257],"tags":[],"class_list":["post-92684","post","type-post","status-publish","format-standard","has-post-thumbnail","hentry","category-esporte"],"_links":{"self":[{"href":"https:\/\/diarioregionaldigital.com.br\/index.php?rest_route=\/wp\/v2\/posts\/92684","targetHints":{"allow":["GET"]}}],"collection":[{"href":"https:\/\/diarioregionaldigital.com.br\/index.php?rest_route=\/wp\/v2\/posts"}],"about":[{"href":"https:\/\/diarioregionaldigital.com.br\/index.php?rest_route=\/wp\/v2\/types\/post"}],"author":[{"embeddable":true,"href":"https:\/\/diarioregionaldigital.com.br\/index.php?rest_route=\/wp\/v2\/users\/96"}],"replies":[{"embeddable":true,"href":"https:\/\/diarioregionaldigital.com.br\/index.php?rest_route=%2Fwp%2Fv2%2Fcomments&post=92684"}],"version-history":[{"count":0,"href":"https:\/\/diarioregionaldigital.com.br\/index.php?rest_route=\/wp\/v2\/posts\/92684\/revisions"}],"wp:featuredmedia":[{"embeddable":true,"href":"https:\/\/diarioregionaldigital.com.br\/index.php?rest_route=\/wp\/v2\/media\/92683"}],"wp:attachment":[{"href":"https:\/\/diarioregionaldigital.com.br\/index.php?rest_route=%2Fwp%2Fv2%2Fmedia&parent=92684"}],"wp:term":[{"taxonomy":"category","embeddable":true,"href":"https:\/\/diarioregionaldigital.com.br\/index.php?rest_route=%2Fwp%2Fv2%2Fcategories&post=92684"},{"taxonomy":"post_tag","embeddable":true,"href":"https:\/\/diarioregionaldigital.com.br\/index.php?rest_route=%2Fwp%2Fv2%2Ftags&post=92684"}],"curies":[{"name":"wp","href":"https:\/\/api.w.org\/{rel}","templated":true}]}}