{"id":92679,"date":"2018-02-26T21:50:30","date_gmt":"2018-02-27T00:50:30","guid":{"rendered":"http:\/\/diarioregionaljf.com.br\/2018\/02\/26\/estreando-em-juiz-de-fora-baeta-vence-o-betinense-por-5-a-3\/"},"modified":"2018-02-26T21:50:30","modified_gmt":"2018-02-27T00:50:30","slug":"estreando-em-juiz-de-fora-baeta-vence-o-betinense-por-5-a-3","status":"publish","type":"post","link":"https:\/\/diarioregionaldigital.com.br\/?p=92679","title":{"rendered":"Estreando em Juiz de Fora, Baeta vence o Betinense por 5 a 3"},"content":{"rendered":"<p>Uma estreia quase perfeita em Juiz de Fora. \u00c9 assim que podemos definir o nono confronto entre Tupynamb\u00e1s e Betinense, que aconteceu na manh\u00e3 do \u00faltimo s\u00e1bado, 24, no Est\u00e1dio Municipal Radialista M\u00e1rio Hel\u00eanio.<\/p>\n<p>O Le\u00e3o do Po\u00e7o Rico abriu o placar logo aos 14 minutos de jogo, em uma cobran\u00e7a perfeita do meio-campista Filipinho, sem chances para o arqueiro da equipe de Nova Serrana. Sem diminuir o ritmo, os comandados do treinador Guiba ampliaram o marcador nove minutos depois, com Yan Carlos, que aproveitou cruzamento rasteiro. Minutos antes do t\u00e9rmino da primeira etapa, o Betinense descontou.<\/p>\n<p>Na segunda etapa, o Baeta seguiu buscando ampliar o marcador. Aos cinco minutos, o incans\u00e1vel Ademilson ganhou corrida pelo lado esquerdo, tocou para Filipinho no meio, que devolveu para Ad\u00ea, que em seguida deixou o meio-campista cara a cara com o goleiro, ampliando o marcador para o Le\u00e3o em uma jogada espetacular.<\/p>\n<p>Aos 24 minutos, Yan Carlos fez excelente jogada pelo lado esquerdo, cruzou para Richar, que de voleio fez o quarto do Baeta. Aos 40, novamente Yan Carlos, pelo lado esquerdo, cruzou para Ademilson, que de cabe\u00e7a marcou o quinto do Baeta. Ainda deu tempo do Betinense marcar dois e fechar o placar em 5 a 3.<\/p>\n<p>Com a vit\u00f3ria, o Baeta pulou para a sexta posi\u00e7\u00e3o na classifica\u00e7\u00e3o. Embalado por esta bela vit\u00f3ria, o Le\u00e3o do Po\u00e7o Rico recebe o Am\u00e9rica de Te\u00f3filo Otoni nesta quarta-feira, 28, \u00e0s 20h, no Est\u00e1dio Municipal Radialista M\u00e1rio Hel\u00eanio. Em caso de vit\u00f3ria, o Baeta pode chegar \u00e0 lideran\u00e7a da competi\u00e7\u00e3o, dependendo de outros resultados.<\/p>\n<p><strong>Fonte: Tupynamb\u00e1s FC<\/strong><\/p>\n<p><strong>&nbsp;<\/strong><\/p>\n","protected":false},"excerpt":{"rendered":"<p>Uma estreia quase perfeita em Juiz de Fora. \u00c9 assim que podemos definir o nono confronto entre Tupynamb\u00e1s e Betinense, que aconteceu na manh\u00e3 do \u00faltimo s\u00e1bado, 24, no Est\u00e1dio Municipal Radialista M\u00e1rio Hel\u00eanio. O Le\u00e3o do Po\u00e7o Rico abriu o placar logo aos 14 minutos de jogo, em uma cobran\u00e7a perfeita do meio-campista Filipinho, [&hellip;]<\/p>\n","protected":false},"author":96,"featured_media":92678,"comment_status":"closed","ping_status":"closed","sticky":false,"template":"","format":"standard","meta":{"footnotes":""},"categories":[257],"tags":[],"class_list":["post-92679","post","type-post","status-publish","format-standard","has-post-thumbnail","hentry","category-esporte"],"_links":{"self":[{"href":"https:\/\/diarioregionaldigital.com.br\/index.php?rest_route=\/wp\/v2\/posts\/92679","targetHints":{"allow":["GET"]}}],"collection":[{"href":"https:\/\/diarioregionaldigital.com.br\/index.php?rest_route=\/wp\/v2\/posts"}],"about":[{"href":"https:\/\/diarioregionaldigital.com.br\/index.php?rest_route=\/wp\/v2\/types\/post"}],"author":[{"embeddable":true,"href":"https:\/\/diarioregionaldigital.com.br\/index.php?rest_route=\/wp\/v2\/users\/96"}],"replies":[{"embeddable":true,"href":"https:\/\/diarioregionaldigital.com.br\/index.php?rest_route=%2Fwp%2Fv2%2Fcomments&post=92679"}],"version-history":[{"count":0,"href":"https:\/\/diarioregionaldigital.com.br\/index.php?rest_route=\/wp\/v2\/posts\/92679\/revisions"}],"wp:featuredmedia":[{"embeddable":true,"href":"https:\/\/diarioregionaldigital.com.br\/index.php?rest_route=\/wp\/v2\/media\/92678"}],"wp:attachment":[{"href":"https:\/\/diarioregionaldigital.com.br\/index.php?rest_route=%2Fwp%2Fv2%2Fmedia&parent=92679"}],"wp:term":[{"taxonomy":"category","embeddable":true,"href":"https:\/\/diarioregionaldigital.com.br\/index.php?rest_route=%2Fwp%2Fv2%2Fcategories&post=92679"},{"taxonomy":"post_tag","embeddable":true,"href":"https:\/\/diarioregionaldigital.com.br\/index.php?rest_route=%2Fwp%2Fv2%2Ftags&post=92679"}],"curies":[{"name":"wp","href":"https:\/\/api.w.org\/{rel}","templated":true}]}}