{"id":92677,"date":"2018-02-26T21:37:20","date_gmt":"2018-02-27T00:37:20","guid":{"rendered":"http:\/\/diarioregionaljf.com.br\/2018\/02\/26\/edital-contribuicao-sindical-27-02-18\/"},"modified":"2018-08-13T20:37:05","modified_gmt":"2018-08-13T23:37:05","slug":"edital-contribuicao-sindical-27-02-18","status":"publish","type":"post","link":"https:\/\/diarioregionaldigital.com.br\/?p=92677","title":{"rendered":"Edital Contribui\u00e7\u00e3o Sindical 27\/02\/18"},"content":{"rendered":"<p style=\"text-align: center;\"><span class=\"h4\">EDITAL DE CONVOCA\u00c7\u00c3O PARA ASSEMBLEIA EXTRAORDIN\u00c1RIA ESPEC\u00cdFICA REFERENTE A CONTRIBUI\u00c7\u00c3O SINDICAL 2018<\/span><br \/>SINDICATO DOS EMPREGADOS NAS IND\u00daSTRIAS E SERVI\u00c7OS DE PURIFICA\u00c7\u00c3O E\/OU DISTRIBUI\u00c7\u00c3O DE \u00c1GUA E SERVI\u00c7OS DE ESGOTO DE JUIZ DE FORA \u2013 MG, inscrito no CNPJ\/MF sob o n\u00ba 21.185.228\/0001-73, Registro sindical n\u00ba 87362-4 por seu presidente abaixo assinado, convoca todos os empregados da CESAMA, associados ou n\u00e3o, que prestam servi\u00e7os na base territorial deste sindicato, para a assembleia extraordin\u00e1ria espec\u00edfica que se realizar\u00e1 no dia 28 de fevereiro de 2018, \u00e0s18:00hr., em primeira convoca\u00e7\u00e3o, e \u00e0s 18:30hr., em segunda convoca\u00e7\u00e3o, no endere\u00e7o sito. \u00e0 Rua Bar\u00e3o de Cataguases, n\u00ba 55 \u2013 Centro Juiz de Fora -MG, para discuss\u00e3o e delibera\u00e7\u00e3o acerca da seguinte pauta: 1) discuss\u00e3o e delibera\u00e7\u00e3o acerca da Contribui\u00e7\u00e3o Sindical referente ao ano de 2018; 2) discuss\u00e3o e delibera\u00e7\u00e3o sobre o prazo e forma do exerc\u00edcio do direito de oposi\u00e7\u00e3o ao desconto da contribui\u00e7\u00e3o sindical referente ao ano de 2018.<br \/>Juiz de Fora, 28 de fevereiro de 2018.<br \/><span class=\"h5\">Edinaldo Sid Clei Ladeira Ramos<\/span><br \/><span class=\"h5\">Presidente<\/span><\/p>\n","protected":false},"excerpt":{"rendered":"<p>EDITAL DE CONVOCA\u00c7\u00c3O PARA ASSEMBLEIA EXTRAORDIN\u00c1RIA ESPEC\u00cdFICA REFERENTE A CONTRIBUI\u00c7\u00c3O SINDICAL 2018SINDICATO DOS EMPREGADOS NAS IND\u00daSTRIAS E SERVI\u00c7OS DE PURIFICA\u00c7\u00c3O E\/OU DISTRIBUI\u00c7\u00c3O DE \u00c1GUA E SERVI\u00c7OS DE ESGOTO DE JUIZ DE FORA \u2013 MG, inscrito no CNPJ\/MF sob o n\u00ba 21.185.228\/0001-73, Registro sindical n\u00ba 87362-4 por seu presidente abaixo assinado, convoca todos os empregados da [&hellip;]<\/p>\n","protected":false},"author":96,"featured_media":0,"comment_status":"closed","ping_status":"closed","sticky":false,"template":"","format":"standard","meta":{"footnotes":""},"categories":[307],"tags":[],"class_list":["post-92677","post","type-post","status-publish","format-standard","hentry","category-editais"],"_links":{"self":[{"href":"https:\/\/diarioregionaldigital.com.br\/index.php?rest_route=\/wp\/v2\/posts\/92677","targetHints":{"allow":["GET"]}}],"collection":[{"href":"https:\/\/diarioregionaldigital.com.br\/index.php?rest_route=\/wp\/v2\/posts"}],"about":[{"href":"https:\/\/diarioregionaldigital.com.br\/index.php?rest_route=\/wp\/v2\/types\/post"}],"author":[{"embeddable":true,"href":"https:\/\/diarioregionaldigital.com.br\/index.php?rest_route=\/wp\/v2\/users\/96"}],"replies":[{"embeddable":true,"href":"https:\/\/diarioregionaldigital.com.br\/index.php?rest_route=%2Fwp%2Fv2%2Fcomments&post=92677"}],"version-history":[{"count":0,"href":"https:\/\/diarioregionaldigital.com.br\/index.php?rest_route=\/wp\/v2\/posts\/92677\/revisions"}],"wp:attachment":[{"href":"https:\/\/diarioregionaldigital.com.br\/index.php?rest_route=%2Fwp%2Fv2%2Fmedia&parent=92677"}],"wp:term":[{"taxonomy":"category","embeddable":true,"href":"https:\/\/diarioregionaldigital.com.br\/index.php?rest_route=%2Fwp%2Fv2%2Fcategories&post=92677"},{"taxonomy":"post_tag","embeddable":true,"href":"https:\/\/diarioregionaldigital.com.br\/index.php?rest_route=%2Fwp%2Fv2%2Ftags&post=92677"}],"curies":[{"name":"wp","href":"https:\/\/api.w.org\/{rel}","templated":true}]}}