{"id":92676,"date":"2018-02-26T21:35:34","date_gmt":"2018-02-27T00:35:34","guid":{"rendered":"http:\/\/diarioregionaljf.com.br\/2018\/02\/26\/prefeitura-municipal-de-tocantins-pp-015-2018\/"},"modified":"2018-08-13T20:37:05","modified_gmt":"2018-08-13T23:37:05","slug":"prefeitura-municipal-de-tocantins-pp-015-2018","status":"publish","type":"post","link":"https:\/\/diarioregionaldigital.com.br\/?p=92676","title":{"rendered":"PREFEITURA MUNICIPAL DE TOCANTINS PP 015-2018"},"content":{"rendered":"<p class=\"h4\" style=\"text-align: center;\">AVISO DE LICITA\u00c7\u00c3O<\/p>\n<p style=\"text-align: center;\"><span class=\"h4\">Licita\u00e7\u00e3o n\u00b0 021\/2018<\/span><br \/><span class=\"h4\">Modalidade de Preg\u00e3o Presencial n\u00b0 015\/2018<\/span><br \/>O Munic\u00edpio de Tocantins atrav\u00e9s das Secretarias Municipais, na forma da lei, faz saber a todos os interessados que far\u00e1 licita\u00e7\u00e3o na modalidade de preg\u00e3o presencial para fornecimento para fornecimento de urna mortu\u00e1ria para suprir popula\u00e7\u00e3o carente do Munic\u00edpio pela Secretaria de Assist\u00eancia Social, no dia 12\/03\/2018 \u00e0s 09:00 horas na sala da de licita\u00e7\u00f5es, localizada na Av. Padre Mac\u00e1rio, n\u00b0 129, bairro Centro, Munic\u00edpio de TOCANTINS. O edital completo encontra-se a disposi\u00e7\u00e3o dos interessados no endere\u00e7o citado anteriormente, no hor\u00e1rio de expediente de 08:00 as 11:00 horas e das 13:00 as 16:00 horas.<br \/>TOCANTINS, 26 de fevereiro 2018.<\/p>\n<p style=\"text-align: center;\">MARIA DE F\u00c1TIMA DA SILVA RODRIGUES- PREGOEIRA<\/p>\n","protected":false},"excerpt":{"rendered":"<p>AVISO DE LICITA\u00c7\u00c3O Licita\u00e7\u00e3o n\u00b0 021\/2018Modalidade de Preg\u00e3o Presencial n\u00b0 015\/2018O Munic\u00edpio de Tocantins atrav\u00e9s das Secretarias Municipais, na forma da lei, faz saber a todos os interessados que far\u00e1 licita\u00e7\u00e3o na modalidade de preg\u00e3o presencial para fornecimento para fornecimento de urna mortu\u00e1ria para suprir popula\u00e7\u00e3o carente do Munic\u00edpio pela Secretaria de Assist\u00eancia Social, no [&hellip;]<\/p>\n","protected":false},"author":96,"featured_media":0,"comment_status":"closed","ping_status":"closed","sticky":false,"template":"","format":"standard","meta":{"footnotes":""},"categories":[307],"tags":[],"class_list":["post-92676","post","type-post","status-publish","format-standard","hentry","category-editais"],"_links":{"self":[{"href":"https:\/\/diarioregionaldigital.com.br\/index.php?rest_route=\/wp\/v2\/posts\/92676","targetHints":{"allow":["GET"]}}],"collection":[{"href":"https:\/\/diarioregionaldigital.com.br\/index.php?rest_route=\/wp\/v2\/posts"}],"about":[{"href":"https:\/\/diarioregionaldigital.com.br\/index.php?rest_route=\/wp\/v2\/types\/post"}],"author":[{"embeddable":true,"href":"https:\/\/diarioregionaldigital.com.br\/index.php?rest_route=\/wp\/v2\/users\/96"}],"replies":[{"embeddable":true,"href":"https:\/\/diarioregionaldigital.com.br\/index.php?rest_route=%2Fwp%2Fv2%2Fcomments&post=92676"}],"version-history":[{"count":0,"href":"https:\/\/diarioregionaldigital.com.br\/index.php?rest_route=\/wp\/v2\/posts\/92676\/revisions"}],"wp:attachment":[{"href":"https:\/\/diarioregionaldigital.com.br\/index.php?rest_route=%2Fwp%2Fv2%2Fmedia&parent=92676"}],"wp:term":[{"taxonomy":"category","embeddable":true,"href":"https:\/\/diarioregionaldigital.com.br\/index.php?rest_route=%2Fwp%2Fv2%2Fcategories&post=92676"},{"taxonomy":"post_tag","embeddable":true,"href":"https:\/\/diarioregionaldigital.com.br\/index.php?rest_route=%2Fwp%2Fv2%2Ftags&post=92676"}],"curies":[{"name":"wp","href":"https:\/\/api.w.org\/{rel}","templated":true}]}}