{"id":92674,"date":"2018-02-26T21:32:25","date_gmt":"2018-02-27T00:32:25","guid":{"rendered":"http:\/\/diarioregionaljf.com.br\/2018\/02\/26\/prefeitura-municipal-de-pirauba-pp-010-2018\/"},"modified":"2018-08-13T20:37:06","modified_gmt":"2018-08-13T23:37:06","slug":"prefeitura-municipal-de-pirauba-pp-010-2018","status":"publish","type":"post","link":"https:\/\/diarioregionaldigital.com.br\/?p=92674","title":{"rendered":"PREFEITURA MUNICIPAL DE PIRA\u00daBA PP 010-2018"},"content":{"rendered":"<p><span class=\"h4\">PREFEITURA MUNICIPAL DE PIRA\u00daBA\/MG &#8211;<\/span> Aviso de Licita\u00e7\u00e3o \u2013 Preg\u00e3o Presencial n.\u00ba 010\/2018 \u2013 Processo n.\u00ba 020\/2018- Registro de Pre\u00e7os n.\u00ba 007\/2018. Objeto: Registro de Pre\u00e7os para Contrata\u00e7\u00e3o de Microempresa ME, Empresa de Pequeno Porte EPP ou equiparadas (todos os beneficiados pela LC 123\/06), para futura e eventual aquisi\u00e7\u00e3o de medicamentos \u00e9ticos, para atender as pessoas carentes do Munic\u00edpio de PIRA\u00daBA \u2013 MG, atrav\u00e9s da Secretaria Municipal de Sa\u00fade, sob a forma de maior desconto sobre a revista de medicamentos CMED\/ANVISA, para entrega no prazo m\u00e1ximo de 48 (quarenta e oito) horas, conforme termo de refer\u00eancia deste edital (anexo I). Abertura da Licita\u00e7\u00e3o dia 12\/03\/2018 \u00e0s 12:30 h. Local: Rua Opem\u00e1, 610 \u2013 Centro \u2013 Pira\u00faba \u2013 MG. Informa\u00e7\u00f5es no Setor de Compras e Licita\u00e7\u00f5es ou atrav\u00e9s do e-mail compras@pirauba.mg.gov.br. Outras informa\u00e7\u00f5es no telefone (32) 3573-1575 de 12:00 \u00e0s 18:00 h. Pira\u00faba, MG, aos 26 de Fevereiro de 2018. Adriano Carvalhaes Gravina \u2013 Prefeito Municipal. Fabiana Gon\u00e7alves de Paiva Benevenuto \u2013 Pregoeira.<\/p>\n","protected":false},"excerpt":{"rendered":"<p>PREFEITURA MUNICIPAL DE PIRA\u00daBA\/MG &#8211; Aviso de Licita\u00e7\u00e3o \u2013 Preg\u00e3o Presencial n.\u00ba 010\/2018 \u2013 Processo n.\u00ba 020\/2018- Registro de Pre\u00e7os n.\u00ba 007\/2018. Objeto: Registro de Pre\u00e7os para Contrata\u00e7\u00e3o de Microempresa ME, Empresa de Pequeno Porte EPP ou equiparadas (todos os beneficiados pela LC 123\/06), para futura e eventual aquisi\u00e7\u00e3o de medicamentos \u00e9ticos, para atender as [&hellip;]<\/p>\n","protected":false},"author":96,"featured_media":0,"comment_status":"closed","ping_status":"closed","sticky":false,"template":"","format":"standard","meta":{"footnotes":""},"categories":[307],"tags":[],"class_list":["post-92674","post","type-post","status-publish","format-standard","hentry","category-editais"],"_links":{"self":[{"href":"https:\/\/diarioregionaldigital.com.br\/index.php?rest_route=\/wp\/v2\/posts\/92674","targetHints":{"allow":["GET"]}}],"collection":[{"href":"https:\/\/diarioregionaldigital.com.br\/index.php?rest_route=\/wp\/v2\/posts"}],"about":[{"href":"https:\/\/diarioregionaldigital.com.br\/index.php?rest_route=\/wp\/v2\/types\/post"}],"author":[{"embeddable":true,"href":"https:\/\/diarioregionaldigital.com.br\/index.php?rest_route=\/wp\/v2\/users\/96"}],"replies":[{"embeddable":true,"href":"https:\/\/diarioregionaldigital.com.br\/index.php?rest_route=%2Fwp%2Fv2%2Fcomments&post=92674"}],"version-history":[{"count":0,"href":"https:\/\/diarioregionaldigital.com.br\/index.php?rest_route=\/wp\/v2\/posts\/92674\/revisions"}],"wp:attachment":[{"href":"https:\/\/diarioregionaldigital.com.br\/index.php?rest_route=%2Fwp%2Fv2%2Fmedia&parent=92674"}],"wp:term":[{"taxonomy":"category","embeddable":true,"href":"https:\/\/diarioregionaldigital.com.br\/index.php?rest_route=%2Fwp%2Fv2%2Fcategories&post=92674"},{"taxonomy":"post_tag","embeddable":true,"href":"https:\/\/diarioregionaldigital.com.br\/index.php?rest_route=%2Fwp%2Fv2%2Ftags&post=92674"}],"curies":[{"name":"wp","href":"https:\/\/api.w.org\/{rel}","templated":true}]}}