{"id":92673,"date":"2018-02-26T21:30:37","date_gmt":"2018-02-27T00:30:37","guid":{"rendered":"http:\/\/diarioregionaljf.com.br\/2018\/02\/26\/prefeitura-municipal-de-coronel-pacheco-pp-008-2018\/"},"modified":"2018-08-13T20:37:07","modified_gmt":"2018-08-13T23:37:07","slug":"prefeitura-municipal-de-coronel-pacheco-pp-008-2018","status":"publish","type":"post","link":"https:\/\/diarioregionaldigital.com.br\/?p=92673","title":{"rendered":"PREFEITURA MUNICIPAL DE CORONEL PACHECO PP 008-2018"},"content":{"rendered":"<p class=\"h4\" style=\"text-align: center;\">AVISO DE LICITA\u00c7\u00c3O<\/p>\n<p class=\"h4\" style=\"text-align: center;\">Preg\u00e3o Presencial n\u00ba 008\/2018<\/p>\n<p style=\"text-align: center;\">O Munic\u00edpio de Coronel Pacheco, por interm\u00e9dio do Pregoeiro Municipal, torna p\u00fablica a realiza\u00e7\u00e3o de PREG\u00c3O PRESENCIAL no dia e hor\u00e1rio abaixo relacionados:<br \/>OBJETO: Contrata\u00e7\u00e3o de interprete de Libras para presta\u00e7\u00e3o de servi\u00e7os, no Munic\u00edpio de Coronel Pacheco\/MG com carga horaria de 20 horas semanais.<\/p>\n<p style=\"text-align: center;\">ABERTURA DOS ENVELOPES: 12 de mar\u00e7o de 2018<\/p>\n<p style=\"text-align: center;\">HOR\u00c1RIO: 10:00h<\/p>\n<p style=\"text-align: center;\">Os interessados poder\u00e3o obter maiores informa\u00e7\u00f5es no setor de licita\u00e7\u00f5es da Prefeitura Municipal de Coronel Pacheco, com sede na Pra\u00e7a Carlos Chagas, n\u00ba 01, Centro, Tel: (32) 3258-1112.<\/p>\n<p class=\"h5\" style=\"text-align: center;\">Emerson Correa Gomes<br \/>Pregoeiro<\/p>\n","protected":false},"excerpt":{"rendered":"<p>AVISO DE LICITA\u00c7\u00c3O Preg\u00e3o Presencial n\u00ba 008\/2018 O Munic\u00edpio de Coronel Pacheco, por interm\u00e9dio do Pregoeiro Municipal, torna p\u00fablica a realiza\u00e7\u00e3o de PREG\u00c3O PRESENCIAL no dia e hor\u00e1rio abaixo relacionados:OBJETO: Contrata\u00e7\u00e3o de interprete de Libras para presta\u00e7\u00e3o de servi\u00e7os, no Munic\u00edpio de Coronel Pacheco\/MG com carga horaria de 20 horas semanais. ABERTURA DOS ENVELOPES: 12 [&hellip;]<\/p>\n","protected":false},"author":96,"featured_media":0,"comment_status":"closed","ping_status":"closed","sticky":false,"template":"","format":"standard","meta":{"footnotes":""},"categories":[307],"tags":[],"class_list":["post-92673","post","type-post","status-publish","format-standard","hentry","category-editais"],"_links":{"self":[{"href":"https:\/\/diarioregionaldigital.com.br\/index.php?rest_route=\/wp\/v2\/posts\/92673","targetHints":{"allow":["GET"]}}],"collection":[{"href":"https:\/\/diarioregionaldigital.com.br\/index.php?rest_route=\/wp\/v2\/posts"}],"about":[{"href":"https:\/\/diarioregionaldigital.com.br\/index.php?rest_route=\/wp\/v2\/types\/post"}],"author":[{"embeddable":true,"href":"https:\/\/diarioregionaldigital.com.br\/index.php?rest_route=\/wp\/v2\/users\/96"}],"replies":[{"embeddable":true,"href":"https:\/\/diarioregionaldigital.com.br\/index.php?rest_route=%2Fwp%2Fv2%2Fcomments&post=92673"}],"version-history":[{"count":0,"href":"https:\/\/diarioregionaldigital.com.br\/index.php?rest_route=\/wp\/v2\/posts\/92673\/revisions"}],"wp:attachment":[{"href":"https:\/\/diarioregionaldigital.com.br\/index.php?rest_route=%2Fwp%2Fv2%2Fmedia&parent=92673"}],"wp:term":[{"taxonomy":"category","embeddable":true,"href":"https:\/\/diarioregionaldigital.com.br\/index.php?rest_route=%2Fwp%2Fv2%2Fcategories&post=92673"},{"taxonomy":"post_tag","embeddable":true,"href":"https:\/\/diarioregionaldigital.com.br\/index.php?rest_route=%2Fwp%2Fv2%2Ftags&post=92673"}],"curies":[{"name":"wp","href":"https:\/\/api.w.org\/{rel}","templated":true}]}}