{"id":92672,"date":"2018-02-26T21:28:27","date_gmt":"2018-02-27T00:28:27","guid":{"rendered":"http:\/\/diarioregionaljf.com.br\/2018\/02\/26\/hospital-e-maternidade-therezinha-de-jesus-27-02-18\/"},"modified":"2018-08-13T20:37:07","modified_gmt":"2018-08-13T23:37:07","slug":"hospital-e-maternidade-therezinha-de-jesus-27-02-18","status":"publish","type":"post","link":"https:\/\/diarioregionaldigital.com.br\/?p=92672","title":{"rendered":"Hospital e Maternidade Therezinha de Jesus 27\/02\/18"},"content":{"rendered":"<p class=\"h4\" style=\"text-align: center;\">ASSEMBL\u00c9IA GERAL ORDIN\u00c1RIA<\/p>\n<p class=\"h4\" style=\"text-align: center;\">EDITAL DE CONVOCA\u00c7\u00c3O<\/p>\n<p style=\"text-align: center;\">O Dr Jos\u00e9 Mariano Soares de Moraes, Conselheiro Presidente do Conselho Deliberativo do Hospital e Maternidade Therezinha de Jesus, no uso das atribui\u00e7\u00f5es que lhe confere a cl\u00e1usula 16 do Estatuto Social, convoca os associados, em condi\u00e7\u00f5es de votar, para se reunirem em Assembleia Geral Ordin\u00e1ria, a realizar-se na sua sede social na Rua Dr Dirceu de Andrade, n\u00ba 33, S\u00e3o Mateus, Juiz de Fora &#8211; MG, em 14 de mar\u00e7o de 2018 \u00e0s 10:30 para primeira convoca\u00e7\u00e3o, com a presen\u00e7a de 2\/3 (dois ter\u00e7os) dos associados, \u00e0s 11:00 para segunda convoca\u00e7\u00e3o, para deliberar sobre o relat\u00f3rio anual e presta\u00e7\u00e3o de contas de 2017, discutir o balan\u00e7o e as demais demonstra\u00e7\u00f5es financeiras.<\/p>\n<p style=\"text-align: center;\">Juiz de Fora, 27 de feveiro de 2018<\/p>\n<p style=\"text-align: center;\">Dr Jose Mariano Soares de Moraes<\/p>\n<p style=\"text-align: center;\">Conselheiro Presidente<\/p>\n","protected":false},"excerpt":{"rendered":"<p>ASSEMBL\u00c9IA GERAL ORDIN\u00c1RIA EDITAL DE CONVOCA\u00c7\u00c3O O Dr Jos\u00e9 Mariano Soares de Moraes, Conselheiro Presidente do Conselho Deliberativo do Hospital e Maternidade Therezinha de Jesus, no uso das atribui\u00e7\u00f5es que lhe confere a cl\u00e1usula 16 do Estatuto Social, convoca os associados, em condi\u00e7\u00f5es de votar, para se reunirem em Assembleia Geral Ordin\u00e1ria, a realizar-se na [&hellip;]<\/p>\n","protected":false},"author":96,"featured_media":0,"comment_status":"closed","ping_status":"closed","sticky":false,"template":"","format":"standard","meta":{"footnotes":""},"categories":[307],"tags":[],"class_list":["post-92672","post","type-post","status-publish","format-standard","hentry","category-editais"],"_links":{"self":[{"href":"https:\/\/diarioregionaldigital.com.br\/index.php?rest_route=\/wp\/v2\/posts\/92672","targetHints":{"allow":["GET"]}}],"collection":[{"href":"https:\/\/diarioregionaldigital.com.br\/index.php?rest_route=\/wp\/v2\/posts"}],"about":[{"href":"https:\/\/diarioregionaldigital.com.br\/index.php?rest_route=\/wp\/v2\/types\/post"}],"author":[{"embeddable":true,"href":"https:\/\/diarioregionaldigital.com.br\/index.php?rest_route=\/wp\/v2\/users\/96"}],"replies":[{"embeddable":true,"href":"https:\/\/diarioregionaldigital.com.br\/index.php?rest_route=%2Fwp%2Fv2%2Fcomments&post=92672"}],"version-history":[{"count":0,"href":"https:\/\/diarioregionaldigital.com.br\/index.php?rest_route=\/wp\/v2\/posts\/92672\/revisions"}],"wp:attachment":[{"href":"https:\/\/diarioregionaldigital.com.br\/index.php?rest_route=%2Fwp%2Fv2%2Fmedia&parent=92672"}],"wp:term":[{"taxonomy":"category","embeddable":true,"href":"https:\/\/diarioregionaldigital.com.br\/index.php?rest_route=%2Fwp%2Fv2%2Fcategories&post=92672"},{"taxonomy":"post_tag","embeddable":true,"href":"https:\/\/diarioregionaldigital.com.br\/index.php?rest_route=%2Fwp%2Fv2%2Ftags&post=92672"}],"curies":[{"name":"wp","href":"https:\/\/api.w.org\/{rel}","templated":true}]}}