{"id":92670,"date":"2018-02-26T21:23:25","date_gmt":"2018-02-27T00:23:25","guid":{"rendered":"http:\/\/diarioregionaljf.com.br\/2018\/02\/26\/condominio-do-edificio-marechal-center-27-02-18\/"},"modified":"2018-08-13T20:37:07","modified_gmt":"2018-08-13T23:37:07","slug":"condominio-do-edificio-marechal-center-27-02-18","status":"publish","type":"post","link":"https:\/\/diarioregionaldigital.com.br\/?p=92670","title":{"rendered":"Condom\u00ednio Do Edif\u00edcio Marechal Center 27\/02\/18"},"content":{"rendered":"<p class=\"h4\" style=\"text-align: center;\">CONDOM\u00cdNIO DO EDIF\u00cdCIO MARECHAL CENTER<\/p>\n<p class=\"h4\" style=\"text-align: center;\">CONVOCA\u00c7\u00c3O<\/p>\n<p style=\"text-align: center;\">Assembleia Geral Ordin\u00e1ria<br \/>Juiz de Fora (MG), 23 de fevereiro de 2018.<\/p>\n<p style=\"text-align: center;\">Prezados senhores,<\/p>\n<p style=\"text-align: center;\">MM AdCon, Administradora do Condom\u00ednio do Edif\u00edcio Marechal Center, atendendo a solicita\u00e7\u00e3o do S\u00edndico, convoca os senhores cond\u00f4minos para Assembleia Geral Ordin\u00e1ria, que far\u00e1 realizar dia 12 de mar\u00e7o de 2018 (segunda-feira), \u00e0s 18h.30min, em primeira convoca\u00e7\u00e3o, quando h\u00e1 necessidade da presen\u00e7a de 2\/3 dos cond\u00f4minos e \u00e0s 19h, em segunda convoca\u00e7\u00e3o, quando ser\u00e1 realizada com qualquer n\u00famero de cond\u00f4minos, no 3\u00ba piso do condom\u00ednio, para deliberarem sobre a seguinte pauta:<\/p>\n<p style=\"text-align: center;\">1\u00aa) Presta\u00e7\u00e3o de contas do per\u00edodo de mar\u00e7o\/2017 a janeiro\/2018;<br \/>2\u00aa) Assuntos gerais de interesse do condom\u00ednio.<\/p>\n<p style=\"text-align: center;\">Tendo em vista a relev\u00e2ncia dos assuntos a serem tratados, lembramos aos senhores a conveni\u00eancia da participa\u00e7\u00e3o de todos ou de se fazerem representar por procura\u00e7\u00e3o.<br \/>Esclarecemos, ainda, que as decis\u00f5es tomadas em Assembleia caber\u00e3o a todos, inclusive, aos ausentes. Desta forma contamos com a presen\u00e7a de todos.<\/p>\n<p style=\"text-align: center;\">Atenciosamente,<br \/>MM AdCon &#8211; Administradora de Condom\u00ednios<\/p>\n<p style=\"text-align: center;\">Cassio Loures &#8211; S\u00edndico<\/p>\n","protected":false},"excerpt":{"rendered":"<p>CONDOM\u00cdNIO DO EDIF\u00cdCIO MARECHAL CENTER CONVOCA\u00c7\u00c3O Assembleia Geral Ordin\u00e1riaJuiz de Fora (MG), 23 de fevereiro de 2018. Prezados senhores, MM AdCon, Administradora do Condom\u00ednio do Edif\u00edcio Marechal Center, atendendo a solicita\u00e7\u00e3o do S\u00edndico, convoca os senhores cond\u00f4minos para Assembleia Geral Ordin\u00e1ria, que far\u00e1 realizar dia 12 de mar\u00e7o de 2018 (segunda-feira), \u00e0s 18h.30min, em primeira [&hellip;]<\/p>\n","protected":false},"author":96,"featured_media":0,"comment_status":"closed","ping_status":"closed","sticky":false,"template":"","format":"standard","meta":{"footnotes":""},"categories":[307],"tags":[],"class_list":["post-92670","post","type-post","status-publish","format-standard","hentry","category-editais"],"_links":{"self":[{"href":"https:\/\/diarioregionaldigital.com.br\/index.php?rest_route=\/wp\/v2\/posts\/92670","targetHints":{"allow":["GET"]}}],"collection":[{"href":"https:\/\/diarioregionaldigital.com.br\/index.php?rest_route=\/wp\/v2\/posts"}],"about":[{"href":"https:\/\/diarioregionaldigital.com.br\/index.php?rest_route=\/wp\/v2\/types\/post"}],"author":[{"embeddable":true,"href":"https:\/\/diarioregionaldigital.com.br\/index.php?rest_route=\/wp\/v2\/users\/96"}],"replies":[{"embeddable":true,"href":"https:\/\/diarioregionaldigital.com.br\/index.php?rest_route=%2Fwp%2Fv2%2Fcomments&post=92670"}],"version-history":[{"count":0,"href":"https:\/\/diarioregionaldigital.com.br\/index.php?rest_route=\/wp\/v2\/posts\/92670\/revisions"}],"wp:attachment":[{"href":"https:\/\/diarioregionaldigital.com.br\/index.php?rest_route=%2Fwp%2Fv2%2Fmedia&parent=92670"}],"wp:term":[{"taxonomy":"category","embeddable":true,"href":"https:\/\/diarioregionaldigital.com.br\/index.php?rest_route=%2Fwp%2Fv2%2Fcategories&post=92670"},{"taxonomy":"post_tag","embeddable":true,"href":"https:\/\/diarioregionaldigital.com.br\/index.php?rest_route=%2Fwp%2Fv2%2Ftags&post=92670"}],"curies":[{"name":"wp","href":"https:\/\/api.w.org\/{rel}","templated":true}]}}