{"id":92669,"date":"2018-02-26T21:19:13","date_gmt":"2018-02-27T00:19:13","guid":{"rendered":"http:\/\/diarioregionaljf.com.br\/2018\/02\/26\/com-gol-no-final-da-partida-atletico-mg-empata-em-jogo-agitado-contra-o-tupi-em-juiz-de-fora\/"},"modified":"2018-02-26T21:19:13","modified_gmt":"2018-02-27T00:19:13","slug":"com-gol-no-final-da-partida-atletico-mg-empata-em-jogo-agitado-contra-o-tupi-em-juiz-de-fora","status":"publish","type":"post","link":"https:\/\/diarioregionaldigital.com.br\/?p=92669","title":{"rendered":"Com gol no final da partida Atl\u00e9tico-MG empata em jogo agitado contra o Tupi em Juiz de Fora"},"content":{"rendered":"<p>Em casa, com o grande desafio de encarar o Atl\u00e9tico pelo Campeonato Mineiro, a briga de galos terminou igual, em 1 a 1.<\/p>\n<p>O Tupi saiu na frente, abrindo o placar com Vitinho e segurando a press\u00e3o do Atl\u00e9tico, principalmente, gra\u00e7as ao goleiro Vilar.<\/p>\n<p>Nos minutos finais, Cazares marcou para a equipe de Belo Horizonte.<\/p>\n<p>O t\u00e9cnico interino, Ricardo Le\u00e3o, exaltou a atua\u00e7\u00e3o da equipe. Para ele, n\u00e3o adiantava fazer um primeiro tempo bom se o time n\u00e3o fizesse o segundo tempo&nbsp;ainda melhor. \u201cA equipe est\u00e1 competitiva, joga com disposi\u00e7\u00e3o tanto para atacar quanto para defender.&nbsp; Saiu todo mundo com o sentimento de, poxa, quase deu!\u201d, lamenta.<\/p>\n<p><strong>Defesa<\/strong><\/p>\n<p>O grande nome da partida foi Vilar, que recebeu o pr\u00eamio Itatiaia de melhor jogador em campo.<\/p>\n<p>Com grandes defesas em v\u00e1rios momentos da partida, o goleiro conseguiu segurar a press\u00e3o de um dos principais times do estado, que foi pra capital com um empate gra\u00e7as \u00e0 marca\u00e7\u00e3o de Cazares.<\/p>\n<p>O goleiro carij\u00f3 exalta a boa postura do time frente ao Atl\u00e9tico, por ser uma equipe da S\u00e9rie A. Ele afirma que houve um bom entendimento t\u00e1tico ap\u00f3s o t\u00e9cnico interino assumir o Tupi. \u201cTenho colocado em pr\u00e1tica o que treino com o Hugo. E goleiro \u00e9 assim mesmo; \u00c9 repeti\u00e7\u00e3o, automa\u00e7\u00e3o dos movimentos para que, quando uma a\u00e7\u00e3o aconte\u00e7a na partida\u2026 Ela seja natural.\u201d Ressalta o goleiro carij\u00f3.<\/p>\n<p>O Tupi segue na 7\u00aa posi\u00e7\u00e3o do Mineiro, com 10 pontos e volta a campo no s\u00e1bado, \u00e0s 16h, quando recebe o Boa Esporte.<\/p>\n","protected":false},"excerpt":{"rendered":"<p>Em casa, com o grande desafio de encarar o Atl\u00e9tico pelo Campeonato Mineiro, a briga de galos terminou igual, em 1 a 1. O Tupi saiu na frente, abrindo o placar com Vitinho e segurando a press\u00e3o do Atl\u00e9tico, principalmente, gra\u00e7as ao goleiro Vilar. Nos minutos finais, Cazares marcou para a equipe de Belo Horizonte. [&hellip;]<\/p>\n","protected":false},"author":96,"featured_media":92668,"comment_status":"closed","ping_status":"closed","sticky":false,"template":"","format":"standard","meta":{"footnotes":""},"categories":[257],"tags":[],"class_list":["post-92669","post","type-post","status-publish","format-standard","has-post-thumbnail","hentry","category-esporte"],"_links":{"self":[{"href":"https:\/\/diarioregionaldigital.com.br\/index.php?rest_route=\/wp\/v2\/posts\/92669","targetHints":{"allow":["GET"]}}],"collection":[{"href":"https:\/\/diarioregionaldigital.com.br\/index.php?rest_route=\/wp\/v2\/posts"}],"about":[{"href":"https:\/\/diarioregionaldigital.com.br\/index.php?rest_route=\/wp\/v2\/types\/post"}],"author":[{"embeddable":true,"href":"https:\/\/diarioregionaldigital.com.br\/index.php?rest_route=\/wp\/v2\/users\/96"}],"replies":[{"embeddable":true,"href":"https:\/\/diarioregionaldigital.com.br\/index.php?rest_route=%2Fwp%2Fv2%2Fcomments&post=92669"}],"version-history":[{"count":0,"href":"https:\/\/diarioregionaldigital.com.br\/index.php?rest_route=\/wp\/v2\/posts\/92669\/revisions"}],"wp:featuredmedia":[{"embeddable":true,"href":"https:\/\/diarioregionaldigital.com.br\/index.php?rest_route=\/wp\/v2\/media\/92668"}],"wp:attachment":[{"href":"https:\/\/diarioregionaldigital.com.br\/index.php?rest_route=%2Fwp%2Fv2%2Fmedia&parent=92669"}],"wp:term":[{"taxonomy":"category","embeddable":true,"href":"https:\/\/diarioregionaldigital.com.br\/index.php?rest_route=%2Fwp%2Fv2%2Fcategories&post=92669"},{"taxonomy":"post_tag","embeddable":true,"href":"https:\/\/diarioregionaldigital.com.br\/index.php?rest_route=%2Fwp%2Fv2%2Ftags&post=92669"}],"curies":[{"name":"wp","href":"https:\/\/api.w.org\/{rel}","templated":true}]}}