{"id":92667,"date":"2018-02-26T21:07:11","date_gmt":"2018-02-27T00:07:11","guid":{"rendered":"http:\/\/diarioregionaljf.com.br\/2018\/02\/26\/policia-civil-apura-roubos-de-veiculos-de-luxo-em-juiz-de-fora\/"},"modified":"2018-02-26T21:07:11","modified_gmt":"2018-02-27T00:07:11","slug":"policia-civil-apura-roubos-de-veiculos-de-luxo-em-juiz-de-fora","status":"publish","type":"post","link":"https:\/\/diarioregionaldigital.com.br\/?p=92667","title":{"rendered":"Pol\u00edcia Civil apura roubos de ve\u00edculos de luxo em Juiz de Fora"},"content":{"rendered":"<p>Um autom\u00f3vel da marca Land Rover, que teria sido utilizado na atua\u00e7\u00e3o de uma quadrilha especializada em roubos de ve\u00edculo de luxo na BR-101, foi apreendido pela Pol\u00edcia Civil (PC) no Bairro S\u00e3o Mateus, regi\u00e3o central, na noite desse domingo, 25.<\/p>\n<p>De acordo com informa\u00e7\u00f5es da PC, investiga\u00e7\u00f5es apontam que h\u00e1 cerca de dez dias o referido carro havia sido utilizado em um crime de roubo de um veiculo KIA Sorento, na BR-101, e teria sido abandonado em Juiz de Fora. \u201cAp\u00f3s dilig\u00eancias investigativas, a equipe de investigadores obteve \u00eaxito em apreender o ve\u00edculo Land Rover e localizar em seu interior alguns objetos tais como uma touca ninja, ferramentas utilizadas na pr\u00e1tica do crime de roubo e diversos pertences de v\u00edtimas\u201d, informou o titular da Delegacia Especializada de Repress\u00e3o a Roubos, Delegado Rafael Gomes.<\/p>\n<p>Ainda conforme o Delegado, ap\u00f3s vistoria, constatou-se que o ve\u00edculo teve as placas adulteradas e foi subtra\u00eddo no ano de 2017, na mesma estrada. Ele afirma que todas as v\u00edtimas j\u00e1 foram identificadas e os trabalhos de investiga\u00e7\u00e3o continuam com a finalidade de identificar os suspeitos.<\/p>\n<p>&nbsp;<\/p>\n<p>Da reda\u00e7\u00e3o\/Colabora\u00e7\u00e3o Assessoria<\/p>\n","protected":false},"excerpt":{"rendered":"<p>Um autom\u00f3vel da marca Land Rover, que teria sido utilizado na atua\u00e7\u00e3o de uma quadrilha especializada em roubos de ve\u00edculo de luxo na BR-101, foi apreendido pela Pol\u00edcia Civil (PC) no Bairro S\u00e3o Mateus, regi\u00e3o central, na noite desse domingo, 25. De acordo com informa\u00e7\u00f5es da PC, investiga\u00e7\u00f5es apontam que h\u00e1 cerca de dez dias [&hellip;]<\/p>\n","protected":false},"author":96,"featured_media":92666,"comment_status":"closed","ping_status":"closed","sticky":false,"template":"","format":"standard","meta":{"footnotes":""},"categories":[253],"tags":[],"class_list":["post-92667","post","type-post","status-publish","format-standard","has-post-thumbnail","hentry","category-cidade"],"_links":{"self":[{"href":"https:\/\/diarioregionaldigital.com.br\/index.php?rest_route=\/wp\/v2\/posts\/92667","targetHints":{"allow":["GET"]}}],"collection":[{"href":"https:\/\/diarioregionaldigital.com.br\/index.php?rest_route=\/wp\/v2\/posts"}],"about":[{"href":"https:\/\/diarioregionaldigital.com.br\/index.php?rest_route=\/wp\/v2\/types\/post"}],"author":[{"embeddable":true,"href":"https:\/\/diarioregionaldigital.com.br\/index.php?rest_route=\/wp\/v2\/users\/96"}],"replies":[{"embeddable":true,"href":"https:\/\/diarioregionaldigital.com.br\/index.php?rest_route=%2Fwp%2Fv2%2Fcomments&post=92667"}],"version-history":[{"count":0,"href":"https:\/\/diarioregionaldigital.com.br\/index.php?rest_route=\/wp\/v2\/posts\/92667\/revisions"}],"wp:featuredmedia":[{"embeddable":true,"href":"https:\/\/diarioregionaldigital.com.br\/index.php?rest_route=\/wp\/v2\/media\/92666"}],"wp:attachment":[{"href":"https:\/\/diarioregionaldigital.com.br\/index.php?rest_route=%2Fwp%2Fv2%2Fmedia&parent=92667"}],"wp:term":[{"taxonomy":"category","embeddable":true,"href":"https:\/\/diarioregionaldigital.com.br\/index.php?rest_route=%2Fwp%2Fv2%2Fcategories&post=92667"},{"taxonomy":"post_tag","embeddable":true,"href":"https:\/\/diarioregionaldigital.com.br\/index.php?rest_route=%2Fwp%2Fv2%2Ftags&post=92667"}],"curies":[{"name":"wp","href":"https:\/\/api.w.org\/{rel}","templated":true}]}}