{"id":92665,"date":"2018-02-26T20:58:07","date_gmt":"2018-02-26T23:58:07","guid":{"rendered":"http:\/\/diarioregionaljf.com.br\/2018\/02\/26\/projeto-permite-deduzir-total-das-despesas-com-educacao-do-imposto-de-renda\/"},"modified":"2018-02-26T20:58:07","modified_gmt":"2018-02-26T23:58:07","slug":"projeto-permite-deduzir-total-das-despesas-com-educacao-do-imposto-de-renda","status":"publish","type":"post","link":"https:\/\/diarioregionaldigital.com.br\/?p=92665","title":{"rendered":"Projeto permite deduzir total das despesas com educa\u00e7\u00e3o do Imposto de Renda"},"content":{"rendered":"<p>Atualmente, o contribuinte pode deduzir do c\u00e1lculo do imposto de renda a pagar as despesas que teve com educa\u00e7\u00e3o, inclusive de dependentes, at\u00e9 R$3.561,50, mesmo que tenha gastado mais do que isso ao longo do ano. O Projeto de Lei do Senado 303\/2017, que consta da pauta da Comiss\u00e3o de Educa\u00e7\u00e3o, Cultura e Esporte (CE), acaba com esse limite, de modo a permitir a dedu\u00e7\u00e3o integral das despesas com estudos.<\/p>\n<p>De autoria do senador Lasier Martins (PSD-RS), o projeto tem voto favor\u00e1vel do relator, senador Jos\u00e9 Medeiros (Pode-MT). De acordo com o autor, a educa\u00e7\u00e3o consome parte significativa da renda das fam\u00edlias de classe m\u00e9dia. \u201cEsperamos reduzir a carga tribut\u00e1ria suportada por essas fam\u00edlias, liberando parte da renda para a realiza\u00e7\u00e3o de outras despesas com instru\u00e7\u00e3o do contribuinte e de seus dependentes e alimentados\u201d, afirma ele na justifica\u00e7\u00e3o do projeto.<\/p>\n<p>A Comiss\u00e3o de Educa\u00e7\u00e3o re\u00fane-se nesta ter\u00e7a-feira, 27, a partir das 11h30.<\/p>\n<p>Fonte: Ag\u00eancia Senado<\/p>\n","protected":false},"excerpt":{"rendered":"<p>Atualmente, o contribuinte pode deduzir do c\u00e1lculo do imposto de renda a pagar as despesas que teve com educa\u00e7\u00e3o, inclusive de dependentes, at\u00e9 R$3.561,50, mesmo que tenha gastado mais do que isso ao longo do ano. O Projeto de Lei do Senado 303\/2017, que consta da pauta da Comiss\u00e3o de Educa\u00e7\u00e3o, Cultura e Esporte (CE), [&hellip;]<\/p>\n","protected":false},"author":96,"featured_media":92664,"comment_status":"closed","ping_status":"closed","sticky":false,"template":"","format":"standard","meta":{"footnotes":""},"categories":[254],"tags":[],"class_list":["post-92665","post","type-post","status-publish","format-standard","has-post-thumbnail","hentry","category-politica"],"_links":{"self":[{"href":"https:\/\/diarioregionaldigital.com.br\/index.php?rest_route=\/wp\/v2\/posts\/92665","targetHints":{"allow":["GET"]}}],"collection":[{"href":"https:\/\/diarioregionaldigital.com.br\/index.php?rest_route=\/wp\/v2\/posts"}],"about":[{"href":"https:\/\/diarioregionaldigital.com.br\/index.php?rest_route=\/wp\/v2\/types\/post"}],"author":[{"embeddable":true,"href":"https:\/\/diarioregionaldigital.com.br\/index.php?rest_route=\/wp\/v2\/users\/96"}],"replies":[{"embeddable":true,"href":"https:\/\/diarioregionaldigital.com.br\/index.php?rest_route=%2Fwp%2Fv2%2Fcomments&post=92665"}],"version-history":[{"count":0,"href":"https:\/\/diarioregionaldigital.com.br\/index.php?rest_route=\/wp\/v2\/posts\/92665\/revisions"}],"wp:featuredmedia":[{"embeddable":true,"href":"https:\/\/diarioregionaldigital.com.br\/index.php?rest_route=\/wp\/v2\/media\/92664"}],"wp:attachment":[{"href":"https:\/\/diarioregionaldigital.com.br\/index.php?rest_route=%2Fwp%2Fv2%2Fmedia&parent=92665"}],"wp:term":[{"taxonomy":"category","embeddable":true,"href":"https:\/\/diarioregionaldigital.com.br\/index.php?rest_route=%2Fwp%2Fv2%2Fcategories&post=92665"},{"taxonomy":"post_tag","embeddable":true,"href":"https:\/\/diarioregionaldigital.com.br\/index.php?rest_route=%2Fwp%2Fv2%2Ftags&post=92665"}],"curies":[{"name":"wp","href":"https:\/\/api.w.org\/{rel}","templated":true}]}}