{"id":92659,"date":"2018-02-26T20:43:58","date_gmt":"2018-02-26T23:43:58","guid":{"rendered":"http:\/\/diarioregionaljf.com.br\/2018\/02\/26\/cataguases-adota-armadilhas-para-monitoramento-e-combate-ao-aedes-aegypti\/"},"modified":"2018-02-26T20:43:58","modified_gmt":"2018-02-26T23:43:58","slug":"cataguases-adota-armadilhas-para-monitoramento-e-combate-ao-aedes-aegypti","status":"publish","type":"post","link":"https:\/\/diarioregionaldigital.com.br\/?p=92659","title":{"rendered":"Cataguases adota &#8220;armadilhas&#8221; para monitoramento e combate ao Aedes aegypti"},"content":{"rendered":"<p>A partir de mar\u00e7o, Cataguases (a cerca de 118 Km de Juiz de Fora) ser\u00e1 uma das 135 cidades mineiras que estar\u00e3o testando um novo m\u00e9todo adotado pela Secretaria de Estado da Sa\u00fade para o controle e combate ao mosquito Aedes aegypti, transmissor de dengue, zika, chikungunya e febre amarela. Consiste na distribui\u00e7\u00e3o, em toda a \u00e1rea urbana, das chamadas ovitrampas, armadilhas que ser\u00e3o instaladas em resid\u00eancias, e que devem funcionar para a captura e contagem de ovos do mosquito Aedes. De acordo com uma avalia\u00e7\u00e3o encomendada pelo Minist\u00e9rio da Sa\u00fade, este m\u00e9todo \u00e9 considerado por pesquisadores da Funda\u00e7\u00e3o Oswaldo Cruz (Fiocruz) o de menor custo e melhor efic\u00e1cia no monitoramento da infesta\u00e7\u00e3o do inseto.<\/p>\n<p>A ovitrampa tem a forma de um vaso de planta preenchido por \u00e1gua, uma paleta de compensado (onde os ovos ficam presos) e um larvicida biol\u00f3gico, que estimula as f\u00eameas do mosquito a colocarem seus ovos nos recipientes. A cada sete dias, as armadilhas ser\u00e3o recolhidas e levadas para laborat\u00f3rio, onde os ovos ser\u00e3o contados e colocados em ambiente controlado para a sua elimina\u00e7\u00e3o. \u201cDessa forma, os agentes de sa\u00fade conseguem observar de maneira mais r\u00e1pida e eficiente a quantidade de mosquitos em determinadas regi\u00f5es, nos permitindo criar estrat\u00e9gias mais eficazes no que diz respeito ao combate e preven\u00e7\u00e3o\u201d, explicou o educador em sa\u00fade, \u00c9lcio Amaral Ferreira.<\/p>\n<p>Ao todo ser\u00e3o instaladas na cidade cerca de 80 armadilhas, distribu\u00eddas entre resid\u00eancias a uma dist\u00e2ncia de 300 metros cada uma. Depois de utilizados, os recipientes ser\u00e3o trocados, em processo de cont\u00ednuo monitoramento. Como tamb\u00e9m destaca \u00c9lcio Ferreira, para o sucesso da aplica\u00e7\u00e3o desse m\u00e9todo ser\u00e1 fundamental o apoio da popula\u00e7\u00e3o. \u201cNossos agentes est\u00e3o devidamente treinados e credenciados para a instala\u00e7\u00e3o dessas armadilhas e ela n\u00e3o representa nenhum risco ao morador. Ao contr\u00e1rio, vai atrair o inseto e evitar, por exemplo, que ele deposite ovos em locais de mais dif\u00edcil acesso, como as calhas e lajes, permitindo o controle sobre sua procria\u00e7\u00e3o, j\u00e1 que o material ser\u00e1 recolhido toda semana\u201d, explicou o educador.<\/p>\n<p>Conforme tamb\u00e9m esclarece o coordenador do N\u00facleo de Controle de Endemias, Cosme Tadeu Alves da Costa, este m\u00e9todo n\u00e3o substitui o Levantamento de \u00cdndices R\u00e1pido para Aedes aegypti (LIRAa), mas poder\u00e1 ser mais r\u00e1pido e eficaz, uma vez que o LIRAa \u00e9 amostral e n\u00e3o cobre todos os bairros da cidade. Ele tamb\u00e9m refor\u00e7a o apelo \u00e0 participa\u00e7\u00e3o da popula\u00e7\u00e3o, aceitando a instala\u00e7\u00e3o dessa armadilha nos quintais ou em outras \u00e1reas externas das resid\u00eancias.<\/p>\n<p>Vale lembrar que isso tamb\u00e9m n\u00e3o vai acarretar nenhuma altera\u00e7\u00e3o na rotina das pessoas em suas casas, j\u00e1 que o preparo, controle e manuseio dessa armadilha caber\u00e1 apenas ao agente de sa\u00fade. \u201cEmbora tenhamos, daqui para a frente, mais uma estrat\u00e9gia para o combate ao Aedes aegypti, a veda\u00e7\u00e3o de caixas d\u2019\u00e1gua, a limpeza de calhas, a coloca\u00e7\u00e3o de areia nos vasos de plantas e a aten\u00e7\u00e3o para eliminar outros criadouros do mosquito sempre ser\u00e3o a\u00e7\u00f5es preventivas indispens\u00e1veis por parte da popula\u00e7\u00e3o. Contamos com a colabora\u00e7\u00e3o de todos\u201d, alerta o coordenador Cosme Costa.<\/p>\n<p>&nbsp;<\/p>\n<p>Fonte: Assessoria<\/p>\n","protected":false},"excerpt":{"rendered":"<p>A partir de mar\u00e7o, Cataguases (a cerca de 118 Km de Juiz de Fora) ser\u00e1 uma das 135 cidades mineiras que estar\u00e3o testando um novo m\u00e9todo adotado pela Secretaria de Estado da Sa\u00fade para o controle e combate ao mosquito Aedes aegypti, transmissor de dengue, zika, chikungunya e febre amarela. Consiste na distribui\u00e7\u00e3o, em toda [&hellip;]<\/p>\n","protected":false},"author":96,"featured_media":92658,"comment_status":"closed","ping_status":"closed","sticky":false,"template":"","format":"standard","meta":{"footnotes":""},"categories":[252],"tags":[],"class_list":["post-92659","post","type-post","status-publish","format-standard","has-post-thumbnail","hentry","category-regiao"],"_links":{"self":[{"href":"https:\/\/diarioregionaldigital.com.br\/index.php?rest_route=\/wp\/v2\/posts\/92659","targetHints":{"allow":["GET"]}}],"collection":[{"href":"https:\/\/diarioregionaldigital.com.br\/index.php?rest_route=\/wp\/v2\/posts"}],"about":[{"href":"https:\/\/diarioregionaldigital.com.br\/index.php?rest_route=\/wp\/v2\/types\/post"}],"author":[{"embeddable":true,"href":"https:\/\/diarioregionaldigital.com.br\/index.php?rest_route=\/wp\/v2\/users\/96"}],"replies":[{"embeddable":true,"href":"https:\/\/diarioregionaldigital.com.br\/index.php?rest_route=%2Fwp%2Fv2%2Fcomments&post=92659"}],"version-history":[{"count":0,"href":"https:\/\/diarioregionaldigital.com.br\/index.php?rest_route=\/wp\/v2\/posts\/92659\/revisions"}],"wp:featuredmedia":[{"embeddable":true,"href":"https:\/\/diarioregionaldigital.com.br\/index.php?rest_route=\/wp\/v2\/media\/92658"}],"wp:attachment":[{"href":"https:\/\/diarioregionaldigital.com.br\/index.php?rest_route=%2Fwp%2Fv2%2Fmedia&parent=92659"}],"wp:term":[{"taxonomy":"category","embeddable":true,"href":"https:\/\/diarioregionaldigital.com.br\/index.php?rest_route=%2Fwp%2Fv2%2Fcategories&post=92659"},{"taxonomy":"post_tag","embeddable":true,"href":"https:\/\/diarioregionaldigital.com.br\/index.php?rest_route=%2Fwp%2Fv2%2Ftags&post=92659"}],"curies":[{"name":"wp","href":"https:\/\/api.w.org\/{rel}","templated":true}]}}