{"id":92655,"date":"2018-02-26T20:24:29","date_gmt":"2018-02-26T23:24:29","guid":{"rendered":"http:\/\/diarioregionaljf.com.br\/2018\/02\/26\/policia-civil-deflagra-acao-e-prende-suspeito-de-trafico-de-drogas-em-uba\/"},"modified":"2018-02-26T20:24:29","modified_gmt":"2018-02-26T23:24:29","slug":"policia-civil-deflagra-acao-e-prende-suspeito-de-trafico-de-drogas-em-uba","status":"publish","type":"post","link":"https:\/\/diarioregionaldigital.com.br\/?p=92655","title":{"rendered":"Pol\u00edcia Civil deflagra a\u00e7\u00e3o e prende suspeito de tr\u00e1fico de drogas em Ub\u00e1"},"content":{"rendered":"<p>Um ex-taxista, de 42 anos, suspeito de cometer tr\u00e1fico de drogas no bairro Jardim Elida, em Ub\u00e1 (a aproximadamente 110 Km de Juiz de Fora), foi preso em flagrante durante uma a\u00e7\u00e3o da Pol\u00edcia Civil (MG) na \u00faltima sexta-feira, 23. De acordo com a PC, o homem seria um dos respons\u00e1veis pela guarda do material il\u00edcito.<\/p>\n<p>A opera\u00e7\u00e3o resultou na apreens\u00e3o de uma barra e meia de coca\u00edna, 39 comprimidos de ecstasy, uma pistola Taurus calibre .40, um carregador de pistola Taurus calibre 9mm, cinco muni\u00e7\u00f5es calibre .40, uma balan\u00e7a de precis\u00e3o, al\u00e9m de materiais para embalo de drogas e um autom\u00f3vel.<\/p>\n<p>Ainda conforme informa\u00e7\u00f5es da PC, na quinta-feira, 22, ap\u00f3s a morte de um suspeito de tr\u00e1fico de drogas, de 30 anos, foram recebidas v\u00e1rias informa\u00e7\u00f5es acerca da localiza\u00e7\u00e3o de materiais il\u00edcitos que seriam de sua propriedade. \u201cMembros da organiza\u00e7\u00e3o criminosa estariam tentando mudar a localiza\u00e7\u00e3o do material ap\u00f3s a morte de seu l\u00edder, com medo de repres\u00e1lias de grupos rivais\u201d, explicou o titular da Delegacia Antidrogas e Homic\u00eddios em Ub\u00e1, Delegado Alexandrino Rosa de Souza. Segundo ele, ap\u00f3s realiza\u00e7\u00e3o de trabalhos de investiga\u00e7\u00e3o e de intelig\u00eancia, foi poss\u00edvel obter a localiza\u00e7\u00e3o de um dos pontos de armazenamento das armas e muni\u00e7\u00f5es.<\/p>\n<p>Segundo o Delegado, a pistola apreendida era de propriedade de um subtenente da Pol\u00edcia Militar do Estado do Rio de Janeiro, falecido em 2014. J\u00e1 o ve\u00edculo possu\u00eda um fundo falso utilizado para a oculta\u00e7\u00e3o do transporte de drogas, al\u00e9m de apresentar ind\u00edcios de adultera\u00e7\u00e3o. O material foi apreendido para an\u00e1lise pericial.<\/p>\n<p>O suspeito foi ouvido na 2\u00aa Delegacia Regional de Pol\u00edcia Civil em Ub\u00e1 e encaminhado ao Sistema Prisional.<\/p>\n<p>&nbsp;<\/p>\n<p>Da reda\u00e7\u00e3o\/Colabora\u00e7\u00e3o: Assessoria<\/p>\n","protected":false},"excerpt":{"rendered":"<p>Um ex-taxista, de 42 anos, suspeito de cometer tr\u00e1fico de drogas no bairro Jardim Elida, em Ub\u00e1 (a aproximadamente 110 Km de Juiz de Fora), foi preso em flagrante durante uma a\u00e7\u00e3o da Pol\u00edcia Civil (MG) na \u00faltima sexta-feira, 23. De acordo com a PC, o homem seria um dos respons\u00e1veis pela guarda do material [&hellip;]<\/p>\n","protected":false},"author":96,"featured_media":92654,"comment_status":"closed","ping_status":"closed","sticky":false,"template":"","format":"standard","meta":{"footnotes":""},"categories":[252],"tags":[],"class_list":["post-92655","post","type-post","status-publish","format-standard","has-post-thumbnail","hentry","category-regiao"],"_links":{"self":[{"href":"https:\/\/diarioregionaldigital.com.br\/index.php?rest_route=\/wp\/v2\/posts\/92655","targetHints":{"allow":["GET"]}}],"collection":[{"href":"https:\/\/diarioregionaldigital.com.br\/index.php?rest_route=\/wp\/v2\/posts"}],"about":[{"href":"https:\/\/diarioregionaldigital.com.br\/index.php?rest_route=\/wp\/v2\/types\/post"}],"author":[{"embeddable":true,"href":"https:\/\/diarioregionaldigital.com.br\/index.php?rest_route=\/wp\/v2\/users\/96"}],"replies":[{"embeddable":true,"href":"https:\/\/diarioregionaldigital.com.br\/index.php?rest_route=%2Fwp%2Fv2%2Fcomments&post=92655"}],"version-history":[{"count":0,"href":"https:\/\/diarioregionaldigital.com.br\/index.php?rest_route=\/wp\/v2\/posts\/92655\/revisions"}],"wp:featuredmedia":[{"embeddable":true,"href":"https:\/\/diarioregionaldigital.com.br\/index.php?rest_route=\/wp\/v2\/media\/92654"}],"wp:attachment":[{"href":"https:\/\/diarioregionaldigital.com.br\/index.php?rest_route=%2Fwp%2Fv2%2Fmedia&parent=92655"}],"wp:term":[{"taxonomy":"category","embeddable":true,"href":"https:\/\/diarioregionaldigital.com.br\/index.php?rest_route=%2Fwp%2Fv2%2Fcategories&post=92655"},{"taxonomy":"post_tag","embeddable":true,"href":"https:\/\/diarioregionaldigital.com.br\/index.php?rest_route=%2Fwp%2Fv2%2Ftags&post=92655"}],"curies":[{"name":"wp","href":"https:\/\/api.w.org\/{rel}","templated":true}]}}