{"id":92653,"date":"2018-02-26T20:18:38","date_gmt":"2018-02-26T23:18:38","guid":{"rendered":"http:\/\/diarioregionaljf.com.br\/2018\/02\/26\/italia-e-afetada-por-onda-de-frio-e-intensas-nevascas\/"},"modified":"2018-02-26T20:18:38","modified_gmt":"2018-02-26T23:18:38","slug":"italia-e-afetada-por-onda-de-frio-e-intensas-nevascas","status":"publish","type":"post","link":"https:\/\/diarioregionaldigital.com.br\/?p=92653","title":{"rendered":"It\u00e1lia \u00e9 afetada por onda de frio e intensas nevascas"},"content":{"rendered":"<p>A It\u00e1lia foi castigada por uma onda de frio que provocou intensas nevascas em cidades como Roma e N\u00e1poles, causando grandes problemas nos transportes e o fechamento de escolas, ao mesmo tempo que deixou paisagens espetaculares como na capital, com os conhecidos monumentos cobertos de neve.<\/p>\n<p>A onda de frio siberiano, que foi chamada de Burian, chegou no domingo, 25, \u00e0 It\u00e1lia provocando nevascas no Norte e um frio intenso que chegou aos 20 graus Celcius (\u00b0C) negativos em algumas localidades e nesta segunda-feira, 26, alcan\u00e7ou o centro do pa\u00eds e Roma, onde n\u00e3o nevava com tanta intensidade desde 2012.<\/p>\n<p>Durante mais de oito horas nevou sobre Roma o suficiente para acumular v\u00e1rios cent\u00edmetros de neve, o que provocou problemas na circula\u00e7\u00e3o urbana e tamb\u00e9m nas ferrovias, que registraram atrasos de v\u00e1rias horas e alguns cancelamentos.<\/p>\n<p>Tamb\u00e9m ocorreram atrasos nos aeroportos romanos de Fiumicino e Ciampino, locais que tiveram que fechar as pistas de pouso e decolagem por algumas horas para retirar a neve.<\/p>\n<p>Enquanto isso, tamb\u00e9m registraram cancelamentos voos de outros aeroportos do pa\u00eds com destino a Roma. Segundo a sociedade Aeroportos de Roma, a situa\u00e7\u00e3o est\u00e1 voltando \u00e0 normalidade.<\/p>\n<p>A rede metropolitana de Roma permanece aberta, mas a circula\u00e7\u00e3o de \u00f4nibus de transporte p\u00fablico foi reduzida e s\u00f3 circulam aqueles com rodas de inverno.<\/p>\n<p>Apesar das dificuldades do tr\u00e1fego, os romanos e turistas est\u00e3o desfrutando da incomum nevasca e da beleza dos monumentos da capital como o Coliseu e a pra\u00e7a de S\u00e3o Pedro, cobertos totalmente de branco.<\/p>\n<p>Devido \u00e0 neve, tanto o Coliseu, como as \u00e1reas arqueol\u00f3gicas do F\u00f3rum Romano, entre outros monumentos, foram fechados hoje ao p\u00fablico devido \u00e0 periculosidade.<\/p>\n<p>Durante a manh\u00e3, ocorreu uma reuni\u00e3o do comit\u00ea operativo da Prote\u00e7\u00e3o Civil para acompanhar a situa\u00e7\u00e3o em Roma diante da onda de frio que pode durar pelo menos 36 horas. O Ex\u00e9rcito foi mobilizado para limpar ruas e estradas.<\/p>\n<p>Os col\u00e9gios e universidades de Roma, bem como muitos escrit\u00f3rios p\u00fablicos, permaneceram fechados. Os bombeiros tiveram que intervir para retirar \u00e1rvores que ca\u00edram e bloquearam algumas estradas da cidade.<\/p>\n<p>Al\u00e9m de Roma, a onda de frio afetou tamb\u00e9m a regi\u00e3o de Campania e a capital, N\u00e1poles, que amanheceu com neve e o aeroporto de Capodicchino segue fechado, assim como os col\u00e9gios de muitas cidades.<\/p>\n<p>A regi\u00e3o de Abruzos tamb\u00e9m est\u00e1 sendo afetada pela onda de frio que chegou inclusive at\u00e9 o litoral levando neve a Pescara e outras cidades pr\u00f3ximas ao mar Adri\u00e1tico, o que provocou o fechamento do \u00fanico aeroporto da regi\u00e3o.<\/p>\n<p>Tamb\u00e9m nevou em Perugia, Terni e Cascia.<\/p>\n<p>Fonte: Ag\u00eancia Brasil<\/p>\n","protected":false},"excerpt":{"rendered":"<p>A It\u00e1lia foi castigada por uma onda de frio que provocou intensas nevascas em cidades como Roma e N\u00e1poles, causando grandes problemas nos transportes e o fechamento de escolas, ao mesmo tempo que deixou paisagens espetaculares como na capital, com os conhecidos monumentos cobertos de neve. A onda de frio siberiano, que foi chamada de [&hellip;]<\/p>\n","protected":false},"author":96,"featured_media":92652,"comment_status":"closed","ping_status":"closed","sticky":false,"template":"","format":"standard","meta":{"footnotes":""},"categories":[302],"tags":[],"class_list":["post-92653","post","type-post","status-publish","format-standard","has-post-thumbnail","hentry","category-brasil-mundo"],"_links":{"self":[{"href":"https:\/\/diarioregionaldigital.com.br\/index.php?rest_route=\/wp\/v2\/posts\/92653","targetHints":{"allow":["GET"]}}],"collection":[{"href":"https:\/\/diarioregionaldigital.com.br\/index.php?rest_route=\/wp\/v2\/posts"}],"about":[{"href":"https:\/\/diarioregionaldigital.com.br\/index.php?rest_route=\/wp\/v2\/types\/post"}],"author":[{"embeddable":true,"href":"https:\/\/diarioregionaldigital.com.br\/index.php?rest_route=\/wp\/v2\/users\/96"}],"replies":[{"embeddable":true,"href":"https:\/\/diarioregionaldigital.com.br\/index.php?rest_route=%2Fwp%2Fv2%2Fcomments&post=92653"}],"version-history":[{"count":0,"href":"https:\/\/diarioregionaldigital.com.br\/index.php?rest_route=\/wp\/v2\/posts\/92653\/revisions"}],"wp:featuredmedia":[{"embeddable":true,"href":"https:\/\/diarioregionaldigital.com.br\/index.php?rest_route=\/wp\/v2\/media\/92652"}],"wp:attachment":[{"href":"https:\/\/diarioregionaldigital.com.br\/index.php?rest_route=%2Fwp%2Fv2%2Fmedia&parent=92653"}],"wp:term":[{"taxonomy":"category","embeddable":true,"href":"https:\/\/diarioregionaldigital.com.br\/index.php?rest_route=%2Fwp%2Fv2%2Fcategories&post=92653"},{"taxonomy":"post_tag","embeddable":true,"href":"https:\/\/diarioregionaldigital.com.br\/index.php?rest_route=%2Fwp%2Fv2%2Ftags&post=92653"}],"curies":[{"name":"wp","href":"https:\/\/api.w.org\/{rel}","templated":true}]}}