{"id":92649,"date":"2018-02-26T20:05:39","date_gmt":"2018-02-26T23:05:39","guid":{"rendered":"http:\/\/diarioregionaljf.com.br\/2018\/02\/26\/merkel-e-macron-exigem-que-putin-pressione-siria-para-suspender-ataques-aereos\/"},"modified":"2018-02-26T20:05:39","modified_gmt":"2018-02-26T23:05:39","slug":"merkel-e-macron-exigem-que-putin-pressione-siria-para-suspender-ataques-aereos","status":"publish","type":"post","link":"https:\/\/diarioregionaldigital.com.br\/?p=92649","title":{"rendered":"Merkel e Macron exigem que Putin pressione S\u00edria para suspender ataques a\u00e9reos"},"content":{"rendered":"<p>A chanceler da Alemanha, Angela Merkel, e o presidente da Fran\u00e7a, Emmanuel Macron, exigiram nesse domingo, 25, de Vladimir Putin que exer\u00e7a &#8220;a m\u00e1xima press\u00e3o&#8221; sobre a S\u00edria para conseguir a suspens\u00e3o imediata dos ataques a\u00e9reos e combates nesse pa\u00eds. As informa\u00e7\u00f5es s\u00e3o da Ag\u00eancia EFE.<\/p>\n<p>De acordo com a chancelaria alem\u00e3, al\u00e9m disso Merkel e Macron concordaram quanto a necessidade de cumprir &#8220;por completo&#8221; a resolu\u00e7\u00e3o aprovada no s\u00e1bado, 24, pelo Conselho de Seguran\u00e7a da ONU. Merkel, Macron e Putin mantiveram contato por telefone.<\/p>\n<p>O objetivo da conversa era abordar a situa\u00e7\u00e3o na S\u00edria e muito especialmente em Ghouta Oriental, nos arredores de Damasco.<\/p>\n<p>Os tr\u00eas l\u00edderes elogiaram a resolu\u00e7\u00e3o da ONU aprovada de forma un\u00e2nime, destacou a chancelaria em comunicado, no qual ressaltou que o Conselho de Seguran\u00e7a exigiu uma tr\u00e9gua de 30 dias em toda a S\u00edria, de modo a facilitar o fornecimento de ajuda humanit\u00e1ria e as evacua\u00e7\u00f5es de feridos e doentes.<\/p>\n<p>Merkel e Macron tamb\u00e9m indicaram a necessidade de implementar essa resolu\u00e7\u00e3o de maneira imediata e destacaram que a cessa\u00e7\u00e3o dos combates \u00e9 fundamental para conseguir uma solu\u00e7\u00e3o pol\u00edtica para o conflito, de acordo com o processo impulsionado pela ONU.<\/p>\n<p>Fonte: Ag\u00eancia Brasil<\/p>\n","protected":false},"excerpt":{"rendered":"<p>A chanceler da Alemanha, Angela Merkel, e o presidente da Fran\u00e7a, Emmanuel Macron, exigiram nesse domingo, 25, de Vladimir Putin que exer\u00e7a &#8220;a m\u00e1xima press\u00e3o&#8221; sobre a S\u00edria para conseguir a suspens\u00e3o imediata dos ataques a\u00e9reos e combates nesse pa\u00eds. As informa\u00e7\u00f5es s\u00e3o da Ag\u00eancia EFE. De acordo com a chancelaria alem\u00e3, al\u00e9m disso Merkel [&hellip;]<\/p>\n","protected":false},"author":96,"featured_media":92648,"comment_status":"closed","ping_status":"closed","sticky":false,"template":"","format":"standard","meta":{"footnotes":""},"categories":[302],"tags":[],"class_list":["post-92649","post","type-post","status-publish","format-standard","has-post-thumbnail","hentry","category-brasil-mundo"],"_links":{"self":[{"href":"https:\/\/diarioregionaldigital.com.br\/index.php?rest_route=\/wp\/v2\/posts\/92649","targetHints":{"allow":["GET"]}}],"collection":[{"href":"https:\/\/diarioregionaldigital.com.br\/index.php?rest_route=\/wp\/v2\/posts"}],"about":[{"href":"https:\/\/diarioregionaldigital.com.br\/index.php?rest_route=\/wp\/v2\/types\/post"}],"author":[{"embeddable":true,"href":"https:\/\/diarioregionaldigital.com.br\/index.php?rest_route=\/wp\/v2\/users\/96"}],"replies":[{"embeddable":true,"href":"https:\/\/diarioregionaldigital.com.br\/index.php?rest_route=%2Fwp%2Fv2%2Fcomments&post=92649"}],"version-history":[{"count":0,"href":"https:\/\/diarioregionaldigital.com.br\/index.php?rest_route=\/wp\/v2\/posts\/92649\/revisions"}],"wp:featuredmedia":[{"embeddable":true,"href":"https:\/\/diarioregionaldigital.com.br\/index.php?rest_route=\/wp\/v2\/media\/92648"}],"wp:attachment":[{"href":"https:\/\/diarioregionaldigital.com.br\/index.php?rest_route=%2Fwp%2Fv2%2Fmedia&parent=92649"}],"wp:term":[{"taxonomy":"category","embeddable":true,"href":"https:\/\/diarioregionaldigital.com.br\/index.php?rest_route=%2Fwp%2Fv2%2Fcategories&post=92649"},{"taxonomy":"post_tag","embeddable":true,"href":"https:\/\/diarioregionaldigital.com.br\/index.php?rest_route=%2Fwp%2Fv2%2Ftags&post=92649"}],"curies":[{"name":"wp","href":"https:\/\/api.w.org\/{rel}","templated":true}]}}