{"id":92647,"date":"2018-02-26T19:58:02","date_gmt":"2018-02-26T22:58:02","guid":{"rendered":"http:\/\/diarioregionaljf.com.br\/2018\/02\/26\/pf-faz-operacao-para-apurar-irregularidades-em-obras-na-fonte-nova\/"},"modified":"2018-02-26T19:58:02","modified_gmt":"2018-02-26T22:58:02","slug":"pf-faz-operacao-para-apurar-irregularidades-em-obras-na-fonte-nova","status":"publish","type":"post","link":"https:\/\/diarioregionaldigital.com.br\/?p=92647","title":{"rendered":"PF faz opera\u00e7\u00e3o para apurar irregularidades em obras na Fonte Nova"},"content":{"rendered":"<p>A Pol\u00edcia Federal (PF) deflagrou nessa segunda-feira, 26, a Opera\u00e7\u00e3o Cart\u00e3o Vermelho para investigar poss\u00edveis irregularidades em contratos envolvendo servi\u00e7os de demoli\u00e7\u00e3o, reconstru\u00e7\u00e3o e gest\u00e3o do est\u00e1dio Arena Fonte Nova, em Salvador, na Bahia. Tendo como base um laudo pericial, a PF informou que o caso pode ter resultado em um superfaturamento que, em valores corrigidos, supera R$450 milh\u00f5es.<\/p>\n<p>Segundo a Pol\u00edcia Federal, grande parte desses recursos teve como destino o pagamento de propina e financiamento de campanhas eleitorais. Sete mandados de busca e apreens\u00e3o est\u00e3o sendo cumpridos em \u00f3rg\u00e3os p\u00fablicos, empresas e endere\u00e7os residenciais dos envolvidos no esquema criminoso.<\/p>\n<p>As suspeitas s\u00e3o de que, na presta\u00e7\u00e3o desses servi\u00e7os, foram cometidas irregularidades como fraude em licita\u00e7\u00e3o, superfaturamento, desvio de verbas p\u00fablicas, corrup\u00e7\u00e3o e lavagem de dinheiro.<\/p>\n<p>De acordo com apura\u00e7\u00f5es feitas pela PF, as irregularidades beneficiaram o cons\u00f3rcio Fonte Nova Participa\u00e7\u00f5es (FNP) \u2013 formado pelas empresas Odebrecht e OAS.<\/p>\n<p>Os mandados foram expedidos pelo Tribunal Regional Federal da 1\u00aa Regi\u00e3o, com o objetivo de localizar e apreender \u201cprovas complementares dos desvios nas contrata\u00e7\u00f5es p\u00fablicas, do pagamento de propinas e da lavagem de dinheiro\u201d.<\/p>\n<p>Fonte: Ag\u00eancia Brasil<\/p>\n","protected":false},"excerpt":{"rendered":"<p>A Pol\u00edcia Federal (PF) deflagrou nessa segunda-feira, 26, a Opera\u00e7\u00e3o Cart\u00e3o Vermelho para investigar poss\u00edveis irregularidades em contratos envolvendo servi\u00e7os de demoli\u00e7\u00e3o, reconstru\u00e7\u00e3o e gest\u00e3o do est\u00e1dio Arena Fonte Nova, em Salvador, na Bahia. Tendo como base um laudo pericial, a PF informou que o caso pode ter resultado em um superfaturamento que, em valores [&hellip;]<\/p>\n","protected":false},"author":96,"featured_media":92646,"comment_status":"closed","ping_status":"closed","sticky":false,"template":"","format":"standard","meta":{"footnotes":""},"categories":[302],"tags":[],"class_list":["post-92647","post","type-post","status-publish","format-standard","has-post-thumbnail","hentry","category-brasil-mundo"],"_links":{"self":[{"href":"https:\/\/diarioregionaldigital.com.br\/index.php?rest_route=\/wp\/v2\/posts\/92647","targetHints":{"allow":["GET"]}}],"collection":[{"href":"https:\/\/diarioregionaldigital.com.br\/index.php?rest_route=\/wp\/v2\/posts"}],"about":[{"href":"https:\/\/diarioregionaldigital.com.br\/index.php?rest_route=\/wp\/v2\/types\/post"}],"author":[{"embeddable":true,"href":"https:\/\/diarioregionaldigital.com.br\/index.php?rest_route=\/wp\/v2\/users\/96"}],"replies":[{"embeddable":true,"href":"https:\/\/diarioregionaldigital.com.br\/index.php?rest_route=%2Fwp%2Fv2%2Fcomments&post=92647"}],"version-history":[{"count":0,"href":"https:\/\/diarioregionaldigital.com.br\/index.php?rest_route=\/wp\/v2\/posts\/92647\/revisions"}],"wp:featuredmedia":[{"embeddable":true,"href":"https:\/\/diarioregionaldigital.com.br\/index.php?rest_route=\/wp\/v2\/media\/92646"}],"wp:attachment":[{"href":"https:\/\/diarioregionaldigital.com.br\/index.php?rest_route=%2Fwp%2Fv2%2Fmedia&parent=92647"}],"wp:term":[{"taxonomy":"category","embeddable":true,"href":"https:\/\/diarioregionaldigital.com.br\/index.php?rest_route=%2Fwp%2Fv2%2Fcategories&post=92647"},{"taxonomy":"post_tag","embeddable":true,"href":"https:\/\/diarioregionaldigital.com.br\/index.php?rest_route=%2Fwp%2Fv2%2Ftags&post=92647"}],"curies":[{"name":"wp","href":"https:\/\/api.w.org\/{rel}","templated":true}]}}