{"id":92645,"date":"2018-02-26T19:57:32","date_gmt":"2018-02-26T22:57:32","guid":{"rendered":"http:\/\/diarioregionaljf.com.br\/2018\/02\/26\/contribuintes-ja-podem-registrar-reclamacoes-relativas-ao-iptu-2018\/"},"modified":"2018-02-26T19:57:32","modified_gmt":"2018-02-26T22:57:32","slug":"contribuintes-ja-podem-registrar-reclamacoes-relativas-ao-iptu-2018","status":"publish","type":"post","link":"https:\/\/diarioregionaldigital.com.br\/?p=92645","title":{"rendered":"Contribuintes j\u00e1 podem registrar reclama\u00e7\u00f5es relativas ao IPTU 2018"},"content":{"rendered":"<p>Teve in\u00edcio nesta segunda-feira, 26, o per\u00edodo de reclama\u00e7\u00f5es referentes aos dados lan\u00e7ados no carn\u00ea do Imposto Predial e Territorial Urbano (IPTU) 2018. Quem tiver interesse na revis\u00e3o dever\u00e1 procurar o Espa\u00e7o Cidad\u00e3o JF, munido do carn\u00ea do ano vigente e de documentos que comprovem os dados que est\u00e3o sendo objeto do pedido de revis\u00e3o. Caso seja constatada a incorre\u00e7\u00e3o, o propriet\u00e1rio do im\u00f3vel ou representante legal (mediante procura\u00e7\u00e3o) dever\u00e1 protocolar a reclama\u00e7\u00e3o at\u00e9 9 de mar\u00e7o.<\/p>\n<p>O Espa\u00e7o Cidad\u00e3o JF fica na Avenida Bar\u00e3o do Rio Branco, n\u00ba 2.234, Centro (Parque Halfeld). O atendimento \u00e9 de segunda a sexta-feira, das 8h \u00e0s 18h.<\/p>\n<p>&nbsp;<\/p>\n<h4>PARCELAMENTO<\/h4>\n<p>Para quem optou por pagar o tributo em dez vezes, a primeira parcela ter\u00e1 vencimento em 10 de mar\u00e7o, e as demais nos dias 10 dos meses subsequentes, at\u00e9 dezembro.<\/p>\n<p>&nbsp;<\/p>\n<h4>MULTAS POR ATRASO<\/h4>\n<p>No caso de atraso de at\u00e9 15 dias no pagamento, a multa ser\u00e1 de 2% sob o valor total do imposto; de 16 a 30 dias, 4%; de 31 a 45 dias, 8%; acima de 45 dias, 15%. Para os que estiverem em d\u00e9bito na D\u00edvida Ativa (DA), 20%.<\/p>\n<p>O contribuinte que deixar de pagar o imposto ter\u00e1 o d\u00e9bito inscrito em DA no ano seguinte, com multa de mora de 20% e juros de mora de 1% ao m\u00eas, podendo ser cobrado judicialmente (execu\u00e7\u00e3o fiscal) ou extrajudicialmente (protesto em cart\u00f3rio).<\/p>\n<p>&nbsp;<\/p>\n<p>Fonte: Assessoria<\/p>\n","protected":false},"excerpt":{"rendered":"<p>Teve in\u00edcio nesta segunda-feira, 26, o per\u00edodo de reclama\u00e7\u00f5es referentes aos dados lan\u00e7ados no carn\u00ea do Imposto Predial e Territorial Urbano (IPTU) 2018. Quem tiver interesse na revis\u00e3o dever\u00e1 procurar o Espa\u00e7o Cidad\u00e3o JF, munido do carn\u00ea do ano vigente e de documentos que comprovem os dados que est\u00e3o sendo objeto do pedido de revis\u00e3o. [&hellip;]<\/p>\n","protected":false},"author":96,"featured_media":92644,"comment_status":"closed","ping_status":"closed","sticky":false,"template":"","format":"standard","meta":{"footnotes":""},"categories":[253],"tags":[],"class_list":["post-92645","post","type-post","status-publish","format-standard","has-post-thumbnail","hentry","category-cidade"],"_links":{"self":[{"href":"https:\/\/diarioregionaldigital.com.br\/index.php?rest_route=\/wp\/v2\/posts\/92645","targetHints":{"allow":["GET"]}}],"collection":[{"href":"https:\/\/diarioregionaldigital.com.br\/index.php?rest_route=\/wp\/v2\/posts"}],"about":[{"href":"https:\/\/diarioregionaldigital.com.br\/index.php?rest_route=\/wp\/v2\/types\/post"}],"author":[{"embeddable":true,"href":"https:\/\/diarioregionaldigital.com.br\/index.php?rest_route=\/wp\/v2\/users\/96"}],"replies":[{"embeddable":true,"href":"https:\/\/diarioregionaldigital.com.br\/index.php?rest_route=%2Fwp%2Fv2%2Fcomments&post=92645"}],"version-history":[{"count":0,"href":"https:\/\/diarioregionaldigital.com.br\/index.php?rest_route=\/wp\/v2\/posts\/92645\/revisions"}],"wp:featuredmedia":[{"embeddable":true,"href":"https:\/\/diarioregionaldigital.com.br\/index.php?rest_route=\/wp\/v2\/media\/92644"}],"wp:attachment":[{"href":"https:\/\/diarioregionaldigital.com.br\/index.php?rest_route=%2Fwp%2Fv2%2Fmedia&parent=92645"}],"wp:term":[{"taxonomy":"category","embeddable":true,"href":"https:\/\/diarioregionaldigital.com.br\/index.php?rest_route=%2Fwp%2Fv2%2Fcategories&post=92645"},{"taxonomy":"post_tag","embeddable":true,"href":"https:\/\/diarioregionaldigital.com.br\/index.php?rest_route=%2Fwp%2Fv2%2Ftags&post=92645"}],"curies":[{"name":"wp","href":"https:\/\/api.w.org\/{rel}","templated":true}]}}