{"id":92643,"date":"2018-02-26T19:52:12","date_gmt":"2018-02-26T22:52:12","guid":{"rendered":"http:\/\/diarioregionaljf.com.br\/2018\/02\/26\/imigrantes-comemoram-ano-novo-chines-com-diversas-atracoes-em-sao-paulo\/"},"modified":"2018-02-26T19:52:12","modified_gmt":"2018-02-26T22:52:12","slug":"imigrantes-comemoram-ano-novo-chines-com-diversas-atracoes-em-sao-paulo","status":"publish","type":"post","link":"https:\/\/diarioregionaldigital.com.br\/?p=92643","title":{"rendered":"Imigrantes comemoram Ano Novo chin\u00eas com diversas atra\u00e7\u00f5es em S\u00e3o Paulo"},"content":{"rendered":"<p>A comemora\u00e7\u00e3o do Ano Novo chin\u00eas atraiu nesse domingo, 25, uma multid\u00e3o ao tradicional bairro da Liberdade, que concentra grande n\u00famero de imigrantes chineses e japoneses em S\u00e3o Paulo. O Ano Novo chin\u00eas come\u00e7ou em 16 de fevereiro. No hor\u00f3scopo asi\u00e1tico, 2018 \u00e9 o Ano do Cachorro, que simboliza lealdade, honestidade, fidelidade e const\u00e2ncia.<\/p>\n<p>No local, os visitantes encontraram barraquinhas onde podiam aprender como escrever seu nome em chin\u00eas, fazer artesanato e ainda apreciar a comida t\u00edpica daquele pa\u00eds. Apresenta\u00e7\u00f5es de lutas marciais, m\u00fasica e de dan\u00e7a, como as do Le\u00e3o e do Drag\u00e3o, tamb\u00e9m fizeram parte da programa\u00e7\u00e3o durante todo o domingo.<\/p>\n<p>\u201cJ\u00e1 conhecia a Liberdade, mas \u00e9 a primeira vez que estou na celebra\u00e7\u00e3o. Apesar de muito cheio, achei muito interessante as apresenta\u00e7\u00f5es. Gostei do evento\u201d, elogiou a gerente de recursos humanos Rose Tavares.<\/p>\n<p>Pelo quarto ano seguinte na festa, a professora Ana Paula Silva disse que aprecia muito o evento. \u201cGosto muito da festa. S\u00f3 achei estranho este ano ser em um dia s\u00f3, mas ano que vem estarei aqui de novo\u201d.<\/p>\n<p>Para os chineses, a festa significa a manuten\u00e7\u00e3o de tradi\u00e7\u00f5es e faz lembrar o pa\u00eds de origem. \u201cPara chineses e japoneses, que t\u00eam costumes parecidos, a festa deixa a gente se sentir mais em casa\u201d, afirmou a estudante Eva Zhang, que veio da cidade de Hunan, no interior da China e est\u00e1 h\u00e1 3 anos em S\u00e3o Paulo.<\/p>\n<h4>&nbsp;<\/h4>\n<h4>FESTIVAL DAS LANTERNAS<\/h4>\n<p>Al\u00e9m da comemora\u00e7\u00e3o na Liberdade, em outros pontos da cidade houve comemora\u00e7\u00e3o para a chegada do Ano Novo chin\u00eas. No Templo Zu Lai, em Cotia, na regi\u00e3o metropolitana de S\u00e3o Paulo, a celebra\u00e7\u00e3o contou com apresenta\u00e7\u00f5es de dan\u00e7a, aulas de origami e de caligrafia chinesa e barracas com comidas t\u00edpicas.<\/p>\n<p>No Parque Ibirapuera tamb\u00e9m teve apresenta\u00e7\u00e3o das tradicionais dan\u00e7as do Le\u00e3o e do Drag\u00e3o, show do cantor chin\u00eas Su Yang e desfile de trajes t\u00edpicos, oficinas de caligrafia e de mandarim. O Festival das Lanternas acontece no fim do dia, encerrando a comemora\u00e7\u00e3o. As lanternas s\u00e3o acesas para atrair prosperidade e boa sorte.<\/p>\n<p>Fonte: Ag\u00eancia Brasil<\/p>\n","protected":false},"excerpt":{"rendered":"<p>A comemora\u00e7\u00e3o do Ano Novo chin\u00eas atraiu nesse domingo, 25, uma multid\u00e3o ao tradicional bairro da Liberdade, que concentra grande n\u00famero de imigrantes chineses e japoneses em S\u00e3o Paulo. O Ano Novo chin\u00eas come\u00e7ou em 16 de fevereiro. No hor\u00f3scopo asi\u00e1tico, 2018 \u00e9 o Ano do Cachorro, que simboliza lealdade, honestidade, fidelidade e const\u00e2ncia. No [&hellip;]<\/p>\n","protected":false},"author":96,"featured_media":92642,"comment_status":"closed","ping_status":"closed","sticky":false,"template":"","format":"standard","meta":{"footnotes":""},"categories":[302],"tags":[],"class_list":["post-92643","post","type-post","status-publish","format-standard","has-post-thumbnail","hentry","category-brasil-mundo"],"_links":{"self":[{"href":"https:\/\/diarioregionaldigital.com.br\/index.php?rest_route=\/wp\/v2\/posts\/92643","targetHints":{"allow":["GET"]}}],"collection":[{"href":"https:\/\/diarioregionaldigital.com.br\/index.php?rest_route=\/wp\/v2\/posts"}],"about":[{"href":"https:\/\/diarioregionaldigital.com.br\/index.php?rest_route=\/wp\/v2\/types\/post"}],"author":[{"embeddable":true,"href":"https:\/\/diarioregionaldigital.com.br\/index.php?rest_route=\/wp\/v2\/users\/96"}],"replies":[{"embeddable":true,"href":"https:\/\/diarioregionaldigital.com.br\/index.php?rest_route=%2Fwp%2Fv2%2Fcomments&post=92643"}],"version-history":[{"count":0,"href":"https:\/\/diarioregionaldigital.com.br\/index.php?rest_route=\/wp\/v2\/posts\/92643\/revisions"}],"wp:featuredmedia":[{"embeddable":true,"href":"https:\/\/diarioregionaldigital.com.br\/index.php?rest_route=\/wp\/v2\/media\/92642"}],"wp:attachment":[{"href":"https:\/\/diarioregionaldigital.com.br\/index.php?rest_route=%2Fwp%2Fv2%2Fmedia&parent=92643"}],"wp:term":[{"taxonomy":"category","embeddable":true,"href":"https:\/\/diarioregionaldigital.com.br\/index.php?rest_route=%2Fwp%2Fv2%2Fcategories&post=92643"},{"taxonomy":"post_tag","embeddable":true,"href":"https:\/\/diarioregionaldigital.com.br\/index.php?rest_route=%2Fwp%2Fv2%2Ftags&post=92643"}],"curies":[{"name":"wp","href":"https:\/\/api.w.org\/{rel}","templated":true}]}}