{"id":92641,"date":"2018-02-26T19:44:55","date_gmt":"2018-02-26T22:44:55","guid":{"rendered":"http:\/\/diarioregionaljf.com.br\/2018\/02\/26\/nas-alterosas-7\/"},"modified":"2018-02-26T19:44:55","modified_gmt":"2018-02-26T22:44:55","slug":"nas-alterosas-7","status":"publish","type":"post","link":"https:\/\/diarioregionaldigital.com.br\/?p=92641","title":{"rendered":"Nas Alterosas"},"content":{"rendered":"<p style=\"text-align: center;\"><span class=\"h4\">Olha s\u00f3<\/span><br \/>Ap\u00f3s desistir da reforma da Previd\u00eancia de vez, o governo agora diz ter um plano B para tentar melhorar o ambiente de neg\u00f3cios, que inclui reforma do PIS\/Cofins, reonera\u00e7\u00e3o da folha de pagamento, Concess\u00e3o de autonomia ao BC, e aprova\u00e7\u00e3o da lei das ag\u00eancias reguladoras. Uma parte das propostas estava parada no Congresso.<\/p>\n<p style=\"text-align: center;\"><span class=\"h4\">Nas Alterosas<\/span><br \/>O cantor e compositor Luisinho Lopes est\u00e1 com tudo e n\u00e3o est\u00e1 prosa. Ele lan\u00e7ou seu DVD em Belo Horizonte com bel\u00edssimo Show no Cine Theatro Brasil. Na cena musical com ele posicionados no palco o percussionista Br\u00e9 Ros\u00e1rio, o guitarrista Daniel Drummond e o contrabaixista Dudu Lima. Eles foram aplaudidos de p\u00e9.<\/p>\n<p style=\"text-align: center;\"><span class=\"h4\">Driblando a Lei<\/span><br \/>Sindicatos ligados \u00e0s principais centrais est\u00e3o aprovando, em assembleias, a cobran\u00e7a de taxa que substitui, na pr\u00e1tica, o imposto sindical, extinto pela nova legisla\u00e7\u00e3o trabalhista. O fim do imposto \u00e9 alvo de a\u00e7\u00f5es na Justi\u00e7a.<\/p>\n<p style=\"text-align: center;\"><span class=\"h4\">Vandalismo<\/span><br \/>Uma parte da escultura \u201cOriginal Sin\u201d (\u201cPecado Original\u201d), do artista chin\u00eas Liu Ruowang, desapareceu da \u00e1rea externa do Museu Oscar Niemeyer, onde estava montada para a Bienal de Curitiba. A dire\u00e7\u00e3o suspeita que tenha sido durante o carnaval, quando o museu estava fechado. Um Boletim de Ocorr\u00eancia foi feito.<\/p>\n<p style=\"text-align: center;\"><span class=\"h4\">Realidade Vermelho e Preto<\/span><br \/>Campe\u00e3o da Ta\u00e7a Guanabara, o Flamengo tem mais o que festejar: o novo esquema do time, 4-1-4-1, montado pelo t\u00e9cnico Carpegiani, que torna a equipe mais ofensiva pede movimenta\u00e7\u00e3o, gosta de um futebol bem jogado, posse de bola. Os garotos provaram que tem qualidade, e os mais velhos brilham.<\/p>\n<p style=\"text-align: center;\"><img decoding=\"async\" class=\" size-full wp-image-92631\" src=\"http:\/\/diarioregionaljf.com.br\/wp-content\/uploads\/2018\/02\/diario-int-24501-1.jpg\" alt=\"fotoj.jpg\" width=\"680\" style=\"display: block; margin-left: auto; margin-right: auto;\" srcset=\"https:\/\/diarioregionaldigital.com.br\/wp-content\/uploads\/2018\/02\/diario-int-24501-1.jpg 677w, https:\/\/diarioregionaldigital.com.br\/wp-content\/uploads\/2018\/02\/diario-int-24501-1-300x199.jpg 300w, https:\/\/diarioregionaldigital.com.br\/wp-content\/uploads\/2018\/02\/diario-int-24501-1-360x239.jpg 360w\" sizes=\"(max-width: 677px) 100vw, 677px\" \/>Meu fechamento s\u00e3o com elas ex-Miss Juiz de Fora, as lindas, J\u00falia Horta, Larissa Cheuen, Lorena Rodrigues e Isabella Stumpf. (Foto Jhonny Pio e produ\u00e7\u00e3o Diley Almeida)<\/p>\n<p style=\"text-align: center;\"><img decoding=\"async\" class=\" size-full wp-image-92632\" src=\"http:\/\/diarioregionaljf.com.br\/wp-content\/uploads\/2018\/02\/diario-int-24501-2.jpg\" alt=\"fotoa.jpg\" width=\"680\" style=\"display: block; margin-left: auto; margin-right: auto;\" srcset=\"https:\/\/diarioregionaldigital.com.br\/wp-content\/uploads\/2018\/02\/diario-int-24501-2.jpg 680w, https:\/\/diarioregionaldigital.com.br\/wp-content\/uploads\/2018\/02\/diario-int-24501-2-266x300.jpg 266w, https:\/\/diarioregionaldigital.com.br\/wp-content\/uploads\/2018\/02\/diario-int-24501-2-360x407.jpg 360w\" sizes=\"(max-width: 680px) 100vw, 680px\" \/>O tempo passa, o tempo voa, e o coiffeur Andr\u00e9 Pavan continua numa boa<\/p>\n<p style=\"text-align: center;\"><img decoding=\"async\" class=\" size-full wp-image-92633\" src=\"http:\/\/diarioregionaljf.com.br\/wp-content\/uploads\/2018\/02\/diario-int-24501-3.jpg\" alt=\"fotoaa.jpg\" width=\"680\" style=\"display: block; margin-left: auto; margin-right: auto;\" srcset=\"https:\/\/diarioregionaldigital.com.br\/wp-content\/uploads\/2018\/02\/diario-int-24501-3.jpg 680w, https:\/\/diarioregionaldigital.com.br\/wp-content\/uploads\/2018\/02\/diario-int-24501-3-300x180.jpg 300w, https:\/\/diarioregionaldigital.com.br\/wp-content\/uploads\/2018\/02\/diario-int-24501-3-360x216.jpg 360w\" sizes=\"(max-width: 680px) 100vw, 680px\" \/>Na Festa Solid\u00e1ria para a Sopa dos Pobres na sede social do Tupi, os queridos Sandra Portella ,William Choppinho e Maria Nogueira<\/p>\n<p style=\"text-align: center;\"><img decoding=\"async\" class=\" size-full wp-image-92634\" src=\"http:\/\/diarioregionaljf.com.br\/wp-content\/uploads\/2018\/02\/diario-int-24501-4.JPG\" alt=\"fotod.JPG\" width=\"680\" style=\"display: block; margin-left: auto; margin-right: auto;\" srcset=\"https:\/\/diarioregionaldigital.com.br\/wp-content\/uploads\/2018\/02\/diario-int-24501-4.JPG 680w, https:\/\/diarioregionaldigital.com.br\/wp-content\/uploads\/2018\/02\/diario-int-24501-4-300x198.jpg 300w, https:\/\/diarioregionaldigital.com.br\/wp-content\/uploads\/2018\/02\/diario-int-24501-4-360x237.jpg 360w\" sizes=\"(max-width: 680px) 100vw, 680px\" \/>No C\u00edrculo Militar, Maria Helena Macedo, Val\u00e9ria Salles, Enzo Nascimento Marques e Patr\u00edcia Nascimento<\/p>\n<p style=\"text-align: center;\"><img decoding=\"async\" class=\" size-full wp-image-92635\" src=\"http:\/\/diarioregionaljf.com.br\/wp-content\/uploads\/2018\/02\/diario-int-24501-5.jpg\" alt=\"fotoe.jpg\" width=\"680\" style=\"display: block; margin-left: auto; margin-right: auto;\" srcset=\"https:\/\/diarioregionaldigital.com.br\/wp-content\/uploads\/2018\/02\/diario-int-24501-5.jpg 680w, https:\/\/diarioregionaldigital.com.br\/wp-content\/uploads\/2018\/02\/diario-int-24501-5-300x178.jpg 300w, https:\/\/diarioregionaldigital.com.br\/wp-content\/uploads\/2018\/02\/diario-int-24501-5-360x214.jpg 360w\" sizes=\"(max-width: 680px) 100vw, 680px\" \/>Fazendo sucesso com sua loja Sagrado Beb\u00ea, o empres\u00e1rio S\u00e9bah Ribeiro<\/p>\n<p style=\"text-align: center;\"><img decoding=\"async\" class=\" size-full wp-image-92636\" src=\"http:\/\/diarioregionaljf.com.br\/wp-content\/uploads\/2018\/02\/diario-int-24501-6.jpg\" alt=\"fotof.jpg\" width=\"680\" style=\"display: block; margin-left: auto; margin-right: auto;\" srcset=\"https:\/\/diarioregionaldigital.com.br\/wp-content\/uploads\/2018\/02\/diario-int-24501-6.jpg 680w, https:\/\/diarioregionaldigital.com.br\/wp-content\/uploads\/2018\/02\/diario-int-24501-6-300x199.jpg 300w, https:\/\/diarioregionaldigital.com.br\/wp-content\/uploads\/2018\/02\/diario-int-24501-6-360x238.jpg 360w\" sizes=\"(max-width: 680px) 100vw, 680px\" \/>Luz&#8230; C\u00e2mera&#8230; A\u00e7\u00e3o em Real Grandeza para Lu\u00eds Carlos Masson e Fabinho Esteves<\/p>\n<p style=\"text-align: center;\"><img decoding=\"async\" class=\" size-full wp-image-92637\" src=\"http:\/\/diarioregionaljf.com.br\/wp-content\/uploads\/2018\/02\/diario-int-24501-7.jpg\" alt=\"fotog.jpg\" width=\"680\" style=\"display: block; margin-left: auto; margin-right: auto;\" srcset=\"https:\/\/diarioregionaldigital.com.br\/wp-content\/uploads\/2018\/02\/diario-int-24501-7.jpg 680w, https:\/\/diarioregionaldigital.com.br\/wp-content\/uploads\/2018\/02\/diario-int-24501-7-300x243.jpg 300w, https:\/\/diarioregionaldigital.com.br\/wp-content\/uploads\/2018\/02\/diario-int-24501-7-360x291.jpg 360w\" sizes=\"(max-width: 680px) 100vw, 680px\" \/>No Dom Bistr\u00f4, o coiffeur Rosenberg Frizeiro paparica sua m\u00e3e Marly Frizeiro<\/p>\n<p style=\"text-align: center;\"><img decoding=\"async\" class=\" size-full wp-image-92638\" src=\"http:\/\/diarioregionaljf.com.br\/wp-content\/uploads\/2018\/02\/diario-int-24501-8.jpg\" alt=\"fotoh.jpg\" width=\"680\" style=\"display: block; margin-left: auto; margin-right: auto;\" srcset=\"https:\/\/diarioregionaldigital.com.br\/wp-content\/uploads\/2018\/02\/diario-int-24501-8.jpg 680w, https:\/\/diarioregionaldigital.com.br\/wp-content\/uploads\/2018\/02\/diario-int-24501-8-300x199.jpg 300w, https:\/\/diarioregionaldigital.com.br\/wp-content\/uploads\/2018\/02\/diario-int-24501-8-360x238.jpg 360w\" sizes=\"(max-width: 680px) 100vw, 680px\" \/>Fazendo a linha modelo, o bonit\u00e3o Leonardo Frossard<\/p>\n<p style=\"text-align: center;\"><img decoding=\"async\" class=\" size-full wp-image-92639\" src=\"http:\/\/diarioregionaljf.com.br\/wp-content\/uploads\/2018\/02\/diario-int-24501-9.jpg\" alt=\"fotoi.jpg\" width=\"680\" style=\"display: block; margin-left: auto; margin-right: auto;\" srcset=\"https:\/\/diarioregionaldigital.com.br\/wp-content\/uploads\/2018\/02\/diario-int-24501-9.jpg 680w, https:\/\/diarioregionaldigital.com.br\/wp-content\/uploads\/2018\/02\/diario-int-24501-9-300x199.jpg 300w, https:\/\/diarioregionaldigital.com.br\/wp-content\/uploads\/2018\/02\/diario-int-24501-9-360x238.jpg 360w\" sizes=\"(max-width: 680px) 100vw, 680px\" \/>Comemorando sucesso do lan\u00e7amento de seu EP, o antenado Tiago Capuzzo<\/p>\n<p style=\"text-align: center;\"><img decoding=\"async\" class=\" size-full wp-image-92640\" src=\"http:\/\/diarioregionaljf.com.br\/wp-content\/uploads\/2018\/02\/diario-int-24501-10.jpg\" alt=\"fotobb.jpg\" width=\"680\" style=\"display: block; margin-left: auto; margin-right: auto;\" srcset=\"https:\/\/diarioregionaldigital.com.br\/wp-content\/uploads\/2018\/02\/diario-int-24501-10.jpg 680w, https:\/\/diarioregionaldigital.com.br\/wp-content\/uploads\/2018\/02\/diario-int-24501-10-300x199.jpg 300w, https:\/\/diarioregionaldigital.com.br\/wp-content\/uploads\/2018\/02\/diario-int-24501-10-360x238.jpg 360w\" sizes=\"(max-width: 680px) 100vw, 680px\" \/>A elegante Lecy Machado festejou 80 anos com suas filhas, Heloneida, Helanete&nbsp; e Helenice Machado e o marido Sebasti\u00e3o Machado<\/p>\n<p class=\"h4\" style=\"text-align: center;\">FOTOSS\u00cdNTESE<\/p>\n<p>Vai ser em ritmo de as \u00e1guas v\u00e3o rolar, o baile Ressaca do Come Quieto no s\u00e1bado 10 de mar\u00e7o, as 23h, no Cultural Bar.<\/p>\n<p>Cuidando dos padr\u00f5es e regras de apar\u00eancia, o coiffeur Rhuan Fontes est\u00e1 embelezando 5 dentre dez mulheres elegantes de nossa sociedade em sua Maison de beleza, na Galeria Pio X, no 2\u00ba Piso.<\/p>\n<p>De acordo com pesquisa recente, o Vag\u00e3o de Pizza na rua Esp\u00edrito Santo se solidifica como a melhor de Juiz de Fora. Para encomendar, o fone: 3215-5281.<\/p>\n<p>N\u00e3o precisa ser especialista em tend\u00eancia para definir que os brincos e acess\u00f3rios da By Candy, revelam o apurad\u00edssimo bom gosto da loja do Mister Shopping 2\u00ba piso.<\/p>\n<p>Superando todos os estigmas, a danceteria Pub\u2019s by Fernandinho Nery est\u00e3o reunindo os rostos mais bonitos da cidade.<\/p>\n<p>Com sua auto-estima elevad\u00edssima, Xuxa mostrou ser p\u00e9-de-valsa, ao se apresentar com uma coreografia especial com Leandro Lima, no \u201cDancing Brasil\u201d.<\/p>\n<p>Convidado do 2\u00ba Encontro Folha de Jornalismo, William Waak afirmou que n\u00e3o pode comentar a sa\u00edda da Globo por quest\u00f5es contratuais. O jornalista e a emissora assinaram um termo de confidencialidade.<\/p>\n<p>Aten\u00e7\u00e3o: Sucesso no carnaval com a m\u00fasica \u201cQue tiro foi esse?\u201d Jojo Toddynho est\u00e1 na mira da produ\u00e7\u00e3o do \u201cDoming\u00e3o do Faust\u00e3o\u201d. Querem a Funkeira na pr\u00f3xima edi\u00e7\u00e3o do Doming\u00e3o do Faust\u00e3o com a \u201cDan\u00e7a dos Famosos\u201d, em maio.<\/p>\n<p>Pablo Vittar e Preta Gil participaram ao lado do ator Marcelo Serrado das filmagens de Dr. Cr\u00f4. Ali\u00e1s, muita gente esperta aguarda ansiosamente o show de Pablo em maio, na nossa Juiz de fora.<\/p>\n<p>Em mar\u00e7o, vai circular a t\u00e3o esperada revista Shopping &amp; Marketing produzida por este colunista. Aguardem.<\/p>\n<p>Para interagir: \u201c E aqueles que foram vistos dan\u00e7ando foram julgados insanos por aqueles que n\u00e3o podiam ouvir a m\u00fasica\u201d. (Friedrich Nietzsche). Bom dia.<\/p>\n","protected":false},"excerpt":{"rendered":"<p>Olha s\u00f3Ap\u00f3s desistir da reforma da Previd\u00eancia de vez, o governo agora diz ter um plano B para tentar melhorar o ambiente de neg\u00f3cios, que inclui reforma do PIS\/Cofins, reonera\u00e7\u00e3o da folha de pagamento, Concess\u00e3o de autonomia ao BC, e aprova\u00e7\u00e3o da lei das ag\u00eancias reguladoras. Uma parte das propostas estava parada no Congresso. Nas [&hellip;]<\/p>\n","protected":false},"author":96,"featured_media":92630,"comment_status":"closed","ping_status":"closed","sticky":false,"template":"","format":"standard","meta":{"footnotes":""},"categories":[264],"tags":[],"class_list":["post-92641","post","type-post","status-publish","format-standard","has-post-thumbnail","hentry","category-eduardo-gomes"],"_links":{"self":[{"href":"https:\/\/diarioregionaldigital.com.br\/index.php?rest_route=\/wp\/v2\/posts\/92641","targetHints":{"allow":["GET"]}}],"collection":[{"href":"https:\/\/diarioregionaldigital.com.br\/index.php?rest_route=\/wp\/v2\/posts"}],"about":[{"href":"https:\/\/diarioregionaldigital.com.br\/index.php?rest_route=\/wp\/v2\/types\/post"}],"author":[{"embeddable":true,"href":"https:\/\/diarioregionaldigital.com.br\/index.php?rest_route=\/wp\/v2\/users\/96"}],"replies":[{"embeddable":true,"href":"https:\/\/diarioregionaldigital.com.br\/index.php?rest_route=%2Fwp%2Fv2%2Fcomments&post=92641"}],"version-history":[{"count":0,"href":"https:\/\/diarioregionaldigital.com.br\/index.php?rest_route=\/wp\/v2\/posts\/92641\/revisions"}],"wp:featuredmedia":[{"embeddable":true,"href":"https:\/\/diarioregionaldigital.com.br\/index.php?rest_route=\/wp\/v2\/media\/92630"}],"wp:attachment":[{"href":"https:\/\/diarioregionaldigital.com.br\/index.php?rest_route=%2Fwp%2Fv2%2Fmedia&parent=92641"}],"wp:term":[{"taxonomy":"category","embeddable":true,"href":"https:\/\/diarioregionaldigital.com.br\/index.php?rest_route=%2Fwp%2Fv2%2Fcategories&post=92641"},{"taxonomy":"post_tag","embeddable":true,"href":"https:\/\/diarioregionaldigital.com.br\/index.php?rest_route=%2Fwp%2Fv2%2Ftags&post=92641"}],"curies":[{"name":"wp","href":"https:\/\/api.w.org\/{rel}","templated":true}]}}