{"id":92629,"date":"2018-02-26T19:41:58","date_gmt":"2018-02-26T22:41:58","guid":{"rendered":"http:\/\/diarioregionaljf.com.br\/2018\/02\/26\/prf-apreende-12-fuzis-e-33-pistolas-que-seriam-levadas-a-mare\/"},"modified":"2018-02-26T19:41:58","modified_gmt":"2018-02-26T22:41:58","slug":"prf-apreende-12-fuzis-e-33-pistolas-que-seriam-levadas-a-mare","status":"publish","type":"post","link":"https:\/\/diarioregionaldigital.com.br\/?p=92629","title":{"rendered":"PRF apreende 12 fuzis e 33 pistolas que seriam levadas \u00e0 Mar\u00e9"},"content":{"rendered":"<p>A Pol\u00edcia Rodovi\u00e1ria Federal apreendeu na manh\u00e3 de hoje, 26, 12 fuzis, 33 pistolas, uma granada, 106 carregadores e 40 mil muni\u00e7\u00f5es, em um ve\u00edculo que trafegava na BR-116.<\/p>\n<p>Os policiais fizeram a blitz na altura de Serop\u00e9dica, na Baixada Fluminense e, ap\u00f3s suspeitar do nervosismo de um motorista, acionaram c\u00e3es farejadores. Com o aux\u00edlio dos animais, foi poss\u00edvel descobrir o carregamento em cilindros que estavam na ca\u00e7amba do ve\u00edculo.<\/p>\n<p>O motorista, de 23 anos, confessou ter trazido o material de Foz do Igua\u00e7u, no Paran\u00e1, e tinha como destino a comunidade de Nova Holanda, no Complexo da Mar\u00e9.<\/p>\n<p>O caso foi encaminhado \u00e0 Delegacia Especializada em Armas, Muni\u00e7\u00f5es e Explosivos (Desarme).<\/p>\n<p>&nbsp;<\/p>\n<p>Fonte: Ag\u00eancia Brasil<\/p>\n","protected":false},"excerpt":{"rendered":"<p>A Pol\u00edcia Rodovi\u00e1ria Federal apreendeu na manh\u00e3 de hoje, 26, 12 fuzis, 33 pistolas, uma granada, 106 carregadores e 40 mil muni\u00e7\u00f5es, em um ve\u00edculo que trafegava na BR-116. Os policiais fizeram a blitz na altura de Serop\u00e9dica, na Baixada Fluminense e, ap\u00f3s suspeitar do nervosismo de um motorista, acionaram c\u00e3es farejadores. Com o aux\u00edlio [&hellip;]<\/p>\n","protected":false},"author":96,"featured_media":92628,"comment_status":"closed","ping_status":"closed","sticky":false,"template":"","format":"standard","meta":{"footnotes":""},"categories":[302],"tags":[],"class_list":["post-92629","post","type-post","status-publish","format-standard","has-post-thumbnail","hentry","category-brasil-mundo"],"_links":{"self":[{"href":"https:\/\/diarioregionaldigital.com.br\/index.php?rest_route=\/wp\/v2\/posts\/92629","targetHints":{"allow":["GET"]}}],"collection":[{"href":"https:\/\/diarioregionaldigital.com.br\/index.php?rest_route=\/wp\/v2\/posts"}],"about":[{"href":"https:\/\/diarioregionaldigital.com.br\/index.php?rest_route=\/wp\/v2\/types\/post"}],"author":[{"embeddable":true,"href":"https:\/\/diarioregionaldigital.com.br\/index.php?rest_route=\/wp\/v2\/users\/96"}],"replies":[{"embeddable":true,"href":"https:\/\/diarioregionaldigital.com.br\/index.php?rest_route=%2Fwp%2Fv2%2Fcomments&post=92629"}],"version-history":[{"count":0,"href":"https:\/\/diarioregionaldigital.com.br\/index.php?rest_route=\/wp\/v2\/posts\/92629\/revisions"}],"wp:featuredmedia":[{"embeddable":true,"href":"https:\/\/diarioregionaldigital.com.br\/index.php?rest_route=\/wp\/v2\/media\/92628"}],"wp:attachment":[{"href":"https:\/\/diarioregionaldigital.com.br\/index.php?rest_route=%2Fwp%2Fv2%2Fmedia&parent=92629"}],"wp:term":[{"taxonomy":"category","embeddable":true,"href":"https:\/\/diarioregionaldigital.com.br\/index.php?rest_route=%2Fwp%2Fv2%2Fcategories&post=92629"},{"taxonomy":"post_tag","embeddable":true,"href":"https:\/\/diarioregionaldigital.com.br\/index.php?rest_route=%2Fwp%2Fv2%2Ftags&post=92629"}],"curies":[{"name":"wp","href":"https:\/\/api.w.org\/{rel}","templated":true}]}}