{"id":92627,"date":"2018-02-26T19:35:46","date_gmt":"2018-02-26T22:35:46","guid":{"rendered":"http:\/\/diarioregionaljf.com.br\/2018\/02\/26\/pgr-rescinde-acordo-de-delacao-de-wesley-batista\/"},"modified":"2018-02-26T19:35:46","modified_gmt":"2018-02-26T22:35:46","slug":"pgr-rescinde-acordo-de-delacao-de-wesley-batista","status":"publish","type":"post","link":"https:\/\/diarioregionaldigital.com.br\/?p=92627","title":{"rendered":"PGR rescinde acordo de dela\u00e7\u00e3o de Wesley Batista"},"content":{"rendered":"<p>A Procuradoria-Geral da Rep\u00fablica (PGR) decidiu rescindir os benef\u00edcios do acordo de dela\u00e7\u00e3o premiada do empres\u00e1rio Wesley Batista, do grupo J&amp;F, e do ex-assessor jur\u00eddico da empresa Francisco de Assis. A medida foi tomada ap\u00f3s a procuradoria concluir que os dois omitiram informa\u00e7\u00f5es nas dela\u00e7\u00f5es.<\/p>\n<p>De acordo com a procuradora-geral da Rep\u00fablica, Raquel Dodge, entre os fatos que deixaram de ser informados no acordo por Wesley e Francisco est\u00e1 a participa\u00e7\u00e3o do ex-procurador Marcelo Miller, acusado de prestar servi\u00e7os ao grupo enquanto atuava na procuradoria.<\/p>\n<p>&#8220;As mensagens trocadas no grupo deixaram claro que Marcelo Miller prestou relevante assessoria ao grupo J&amp;F para auxili\u00e1-lo na concretiza\u00e7\u00e3o dos acordos de leni\u00eancia e de colabora\u00e7\u00e3o premiada\u201d, diz nota da PGR.<\/p>\n<p>O pedido de rescis\u00e3o foi encaminhado hoje, 26, ao ministro do Supremo Tribunal Federal (STF) Edson Fachin, relator dos processos oriundos das dela\u00e7\u00f5es de integrantes do grupo J&amp;F. No pedido, Raquel Dodge afirmou que as provas que est\u00e3o no acordo v\u00e3o continuar v\u00e1lidas, mesmo diante da anula\u00e7\u00e3o do acordo.<\/p>\n<p>De acordo com o documento enviado ao STF, a procuradora mencionou mensagens de celular que estavam nos aparelhos de Joesley Batista, irm\u00e3o de Wesley, e que tamb\u00e9m teve acordo de dela\u00e7\u00e3o rescindido. Em uma das mensagens, Joesley pergunta ao ex-procurador se ele ainda estava na PGR. &#8220;Amanh\u00e3 vc trabalha, ou hoje foi seu \u00faltimo dia?&#8221;, diz a mensagem.<\/p>\n<p>\u201cEsta mensagem torna evidente que todos do grupo sabiam que Marcelo Miller ainda era procurador da Rep\u00fablica no per\u00edodo em que ele assessorava os colaboradores e a empresa J&amp;F na condu\u00e7\u00e3o da colabora\u00e7\u00e3o premiada e do acordo de leni\u00eancia que viriam a ser firmados com o MPF; e que apenas deixaria de s\u00ea-lo no in\u00edcio do m\u00eas de abril [de 2017]\u201d, conclui a PGR.<\/p>\n<p>A PGR tamb\u00e9m levou em conta para rescindir o acordo o fato de Wesley ter sido denunciado na Justi\u00e7a de S\u00e3o Paulo pelo crime de insider trading [informa\u00e7\u00e3o privilegiada], sob a suspeita de usar informa\u00e7\u00f5es obtidas por meio de seus acordos de dela\u00e7\u00e3o premiada, para vender e comprar a\u00e7\u00f5es da JBS no mercado financeiro.<\/p>\n<p>\u201cReiterando entendimento exarado na PET 7003, a decis\u00e3o do MPF de rescindir o acordo de colabora\u00e7\u00e3o significa que o colaborador voltar\u00e1 a estar sujeito, de modo irrestrito, \u00e0 a\u00e7\u00e3o penal, sem direito ao pr\u00eamio inserido no acordo. Por conseguinte, na condi\u00e7\u00e3o de acusado em den\u00fancia, ser\u00e1 ouvido e processado na forma da lei vigente para todos\u201d, diz a procuradoria.<\/p>\n<p>&nbsp;<\/p>\n<p>Fonte: Ag\u00eancia Brasil<\/p>\n","protected":false},"excerpt":{"rendered":"<p>A Procuradoria-Geral da Rep\u00fablica (PGR) decidiu rescindir os benef\u00edcios do acordo de dela\u00e7\u00e3o premiada do empres\u00e1rio Wesley Batista, do grupo J&amp;F, e do ex-assessor jur\u00eddico da empresa Francisco de Assis. A medida foi tomada ap\u00f3s a procuradoria concluir que os dois omitiram informa\u00e7\u00f5es nas dela\u00e7\u00f5es. De acordo com a procuradora-geral da Rep\u00fablica, Raquel Dodge, entre [&hellip;]<\/p>\n","protected":false},"author":96,"featured_media":92626,"comment_status":"closed","ping_status":"closed","sticky":false,"template":"","format":"standard","meta":{"footnotes":""},"categories":[254],"tags":[],"class_list":["post-92627","post","type-post","status-publish","format-standard","has-post-thumbnail","hentry","category-politica"],"_links":{"self":[{"href":"https:\/\/diarioregionaldigital.com.br\/index.php?rest_route=\/wp\/v2\/posts\/92627","targetHints":{"allow":["GET"]}}],"collection":[{"href":"https:\/\/diarioregionaldigital.com.br\/index.php?rest_route=\/wp\/v2\/posts"}],"about":[{"href":"https:\/\/diarioregionaldigital.com.br\/index.php?rest_route=\/wp\/v2\/types\/post"}],"author":[{"embeddable":true,"href":"https:\/\/diarioregionaldigital.com.br\/index.php?rest_route=\/wp\/v2\/users\/96"}],"replies":[{"embeddable":true,"href":"https:\/\/diarioregionaldigital.com.br\/index.php?rest_route=%2Fwp%2Fv2%2Fcomments&post=92627"}],"version-history":[{"count":0,"href":"https:\/\/diarioregionaldigital.com.br\/index.php?rest_route=\/wp\/v2\/posts\/92627\/revisions"}],"wp:featuredmedia":[{"embeddable":true,"href":"https:\/\/diarioregionaldigital.com.br\/index.php?rest_route=\/wp\/v2\/media\/92626"}],"wp:attachment":[{"href":"https:\/\/diarioregionaldigital.com.br\/index.php?rest_route=%2Fwp%2Fv2%2Fmedia&parent=92627"}],"wp:term":[{"taxonomy":"category","embeddable":true,"href":"https:\/\/diarioregionaldigital.com.br\/index.php?rest_route=%2Fwp%2Fv2%2Fcategories&post=92627"},{"taxonomy":"post_tag","embeddable":true,"href":"https:\/\/diarioregionaldigital.com.br\/index.php?rest_route=%2Fwp%2Fv2%2Ftags&post=92627"}],"curies":[{"name":"wp","href":"https:\/\/api.w.org\/{rel}","templated":true}]}}