{"id":92625,"date":"2018-02-26T19:24:14","date_gmt":"2018-02-26T22:24:14","guid":{"rendered":"http:\/\/diarioregionaljf.com.br\/2018\/02\/26\/abertas-inscricoes-para-concurso-publico-da-secretaria-de-estado-de-educacao\/"},"modified":"2018-02-26T19:24:14","modified_gmt":"2018-02-26T22:24:14","slug":"abertas-inscricoes-para-concurso-publico-da-secretaria-de-estado-de-educacao","status":"publish","type":"post","link":"https:\/\/diarioregionaldigital.com.br\/?p=92625","title":{"rendered":"Abertas inscri\u00e7\u00f5es para concurso p\u00fablico da Secretaria de Estado de Educa\u00e7\u00e3o"},"content":{"rendered":"<p>A partir desta segunda-feira, 26, o candidato interessado em participar do concurso p\u00fablico da <a href=\"https:\/\/www.educacao.mg.gov.br\/\" target=\"_blank\" rel=\"noopener noreferrer\">Secretaria de Estado de Educa\u00e7\u00e3o (SEE<\/a>) poder\u00e1 fazer sua inscri\u00e7\u00e3o. A mesma deve ser feita no <a href=\"http:\/\/www.fumarc.com.br\/concursos\/detalhe\/concurso-publico-especialista-em-educacao-basica-e-professor-de-educacao-basica\/113\" target=\"_blank\" rel=\"noopener noreferrer\">site da Funda\u00e7\u00e3o Mariana Rezende Costa (Fumarc)<\/a>, institui\u00e7\u00e3o respons\u00e1vel pela realiza\u00e7\u00e3o do certame, at\u00e9 \u00e0s 23h59 do dia 8 de mar\u00e7o deste ano. A taxa de inscri\u00e7\u00e3o \u00e9 de R$70.<\/p>\n<p>De acordo com o <a href=\"http:\/\/www.fumarc.com.br\/imgDB\/concursos\/Edital%20SEE%20n-07-2017%20-%20FUMARC-20171228-132936.pdf\" target=\"_blank\" rel=\"noopener noreferrer\">Edital SEE N\u00ba 07\/2017<\/a>, a partir de 16 de mar\u00e7o, o candidato dever\u00e1 conferir, no site da Fumarc, atrav\u00e9s da Lista das Inscri\u00e7\u00f5es Deferidas, se os dados da inscri\u00e7\u00e3o foram recebidos e o pagamento processado.<\/p>\n<p>O certame, <a href=\"concurso\/22593-educacao-publica-edital-de-concurso-que-vai-disponibilizar-16-700-vagas-para-rede-estadual-em-2018\" target=\"_blank\" rel=\"noopener noreferrer\">autorizado em novembro pela Secretaria de Estado de Planejamento e Gest\u00e3o de Minas Gerais (Seplag)<\/a>, contar\u00e1 com 16 mil vagas para o cargo de Professor de Educa\u00e7\u00e3o B\u00e1sica (PEB) de diversas disciplinas e com 700 vagas para Especialista em Educa\u00e7\u00e3o B\u00e1sica (EEB). As oportunidades contemplam todas as 47 Superintend\u00eancias Regionais de Ensino.<\/p>\n<p>\u201cA realiza\u00e7\u00e3o do concurso segue rigorosamente diretriz pol\u00edtica do governo de fortalecer os alicerces da estrutura da educa\u00e7\u00e3o b\u00e1sica em Minas Gerais, investindo fortemente em reverter o quadro de precariza\u00e7\u00e3o encontrado no in\u00edcio da gest\u00e3o. Com base nas mais de 50 mil nomea\u00e7\u00f5es realizadas entre 2015 e 2017, n\u00f3s j\u00e1 atingimos um patamar da ordem de 43% de servidores efetivos. Esse concurso vai nos possibilitar fazer com que os professores efetivos do Estado tornem-se maioria, pela primeira vez em muitos anos\u201d, destaca o subsecret\u00e1rio de Gest\u00e3o de Recursos Humanos da SEE, Antonio David Junior. S\u00e3o ofertadas vagas em 848 munic\u00edpios mineiros.<\/p>\n<p>Ainda de acordo com Antonio David, \u201cas nomea\u00e7\u00f5es visam a dar estabilidade ao corpo funcional que atua nas escolas, diretamente ligados ao processo de ensino-aprendizagem, o que possibilita \u00e0s escolas fortalecerem a elabora\u00e7\u00e3o, implanta\u00e7\u00e3o e o desenvolvimento de seus projetos pedag\u00f3gicos\u201d.<\/p>\n<p>Para as vagas de Especialista, n\u00e3o h\u00e1 distin\u00e7\u00e3o de habilita\u00e7\u00f5es: os servidores poder\u00e3o atuar como orientadores educacionais, supervisores ou coordenadores pedag\u00f3gicos, desempenhando fun\u00e7\u00f5es fundamentais na organiza\u00e7\u00e3o da escola e no aprimoramento dos processos de ensino. J\u00e1 os cargos de Professor abrangem v\u00e1rias disciplinas como Hist\u00f3ria, Geografia, Qu\u00edmica, F\u00edsica, entre outras, que comp\u00f5em o curr\u00edculo b\u00e1sico dos anos finais do Ensino Fundamental e de todo o Ensino M\u00e9dio. Especificamente para esta carreira, as 16 mil vagas est\u00e3o distribu\u00eddas entre 848 munic\u00edpios mineiros, no universo de 852 munic\u00edpios que contam com escolas estaduais.<\/p>\n<p>&nbsp;<\/p>\n<h4>ETAPAS<\/h4>\n<p>O concurso \u00e9 dividido em duas etapas. A primeira consiste na aplica\u00e7\u00e3o das provas objetivas e a segunda na avalia\u00e7\u00e3o de t\u00edtulos.<\/p>\n<p>As provas objetivas v\u00e3o contar com 60 quest\u00f5es de L\u00edngua Portuguesa, Matem\u00e1tica, Conhecimentos did\u00e1tico-pedag\u00f3gicos e conhecimentos espec\u00edficos, e est\u00e1 prevista para o dia 8 de abril de 2018. Os candidatos ter\u00e3o como locais de provas todas as cidades-sede das Superintend\u00eancias Regionais de Educa\u00e7\u00e3o.<\/p>\n<p>&nbsp;<\/p>\n<p>Fonte: Assessoria<\/p>\n","protected":false},"excerpt":{"rendered":"<p>A partir desta segunda-feira, 26, o candidato interessado em participar do concurso p\u00fablico da Secretaria de Estado de Educa\u00e7\u00e3o (SEE) poder\u00e1 fazer sua inscri\u00e7\u00e3o. A mesma deve ser feita no site da Funda\u00e7\u00e3o Mariana Rezende Costa (Fumarc), institui\u00e7\u00e3o respons\u00e1vel pela realiza\u00e7\u00e3o do certame, at\u00e9 \u00e0s 23h59 do dia 8 de mar\u00e7o deste ano. A taxa [&hellip;]<\/p>\n","protected":false},"author":96,"featured_media":92624,"comment_status":"closed","ping_status":"closed","sticky":false,"template":"","format":"standard","meta":{"footnotes":""},"categories":[280],"tags":[],"class_list":["post-92625","post","type-post","status-publish","format-standard","has-post-thumbnail","hentry","category-concurso"],"_links":{"self":[{"href":"https:\/\/diarioregionaldigital.com.br\/index.php?rest_route=\/wp\/v2\/posts\/92625","targetHints":{"allow":["GET"]}}],"collection":[{"href":"https:\/\/diarioregionaldigital.com.br\/index.php?rest_route=\/wp\/v2\/posts"}],"about":[{"href":"https:\/\/diarioregionaldigital.com.br\/index.php?rest_route=\/wp\/v2\/types\/post"}],"author":[{"embeddable":true,"href":"https:\/\/diarioregionaldigital.com.br\/index.php?rest_route=\/wp\/v2\/users\/96"}],"replies":[{"embeddable":true,"href":"https:\/\/diarioregionaldigital.com.br\/index.php?rest_route=%2Fwp%2Fv2%2Fcomments&post=92625"}],"version-history":[{"count":0,"href":"https:\/\/diarioregionaldigital.com.br\/index.php?rest_route=\/wp\/v2\/posts\/92625\/revisions"}],"wp:featuredmedia":[{"embeddable":true,"href":"https:\/\/diarioregionaldigital.com.br\/index.php?rest_route=\/wp\/v2\/media\/92624"}],"wp:attachment":[{"href":"https:\/\/diarioregionaldigital.com.br\/index.php?rest_route=%2Fwp%2Fv2%2Fmedia&parent=92625"}],"wp:term":[{"taxonomy":"category","embeddable":true,"href":"https:\/\/diarioregionaldigital.com.br\/index.php?rest_route=%2Fwp%2Fv2%2Fcategories&post=92625"},{"taxonomy":"post_tag","embeddable":true,"href":"https:\/\/diarioregionaldigital.com.br\/index.php?rest_route=%2Fwp%2Fv2%2Ftags&post=92625"}],"curies":[{"name":"wp","href":"https:\/\/api.w.org\/{rel}","templated":true}]}}