{"id":92623,"date":"2018-02-26T18:58:25","date_gmt":"2018-02-26T21:58:25","guid":{"rendered":"http:\/\/diarioregionaljf.com.br\/2018\/02\/26\/biblioteca-murilo-mendes-abre-vagas-no-projeto-escola-de-escritores\/"},"modified":"2018-02-26T18:58:25","modified_gmt":"2018-02-26T21:58:25","slug":"biblioteca-murilo-mendes-abre-vagas-no-projeto-escola-de-escritores","status":"publish","type":"post","link":"https:\/\/diarioregionaldigital.com.br\/?p=92623","title":{"rendered":"Biblioteca \u201cMurilo Mendes\u201d abre vagas no projeto \u201cEscola de Escritores\u201d"},"content":{"rendered":"<p>Classificado pelo Instituto Pr\u00f3-Livro como uma das dez melhores iniciativas brasileiras de fomento \u00e0 leitura, na categoria \u201cBiblioteca\u201d, o projeto \u201cEscola de Escritores\u201d ser\u00e1 retomado em 6 de mar\u00e7o, ap\u00f3s o recesso de fim de ano. Em 2018 ser\u00e3o mantidas quatro turmas com 18 alunos cada, na faixa de seis a 11 anos. Os encontros ser\u00e3o semanais, e ainda h\u00e1 dez vagas abertas no grupo de quarta-feira, das 8h30 \u00e0s 10h. Os interessados podem se inscrever pelos telefones 3690-7048 ou 3690-7049, das 9h \u00e0s 17h, ou presencialmente, na sede da biblioteca (Avenida Get\u00falio Vargas, n\u00ba 200 &#8211; Pra\u00e7a Ant\u00f4nio Carlos &#8211; Centro), em hor\u00e1rio comercial.<\/p>\n<p>Inteiramente gratuito, o projeto \u00e9 mantido desde 2014 pela Funda\u00e7\u00e3o Cultural \u201cAlfredo Ferreira Lage\u201d (Funalfa), por meio da Biblioteca Municipal \u201cMurilo Mendes\u201d. Os objetivos s\u00e3o promover o conhecimento de livros e autores, al\u00e9m de incentivar o gosto pela leitura e escrita, por meio de oficinas de cria\u00e7\u00e3o. Em cada sess\u00e3o os participantes ter\u00e3o atividades diferentes para serem desenvolvidas individual ou coletivamente.<\/p>\n<p>Debates, campeonatos e gincanas culturais e recreativas ser\u00e3o algumas das metodologias empregadas. As din\u00e2micas incluem ainda m\u00fasica, teatro e excurs\u00f5es. Para este ano est\u00e3o previstos passeios a Tiradentes e S\u00e3o Jo\u00e3o Del-Rei, al\u00e9m de participa\u00e7\u00e3o na Festa Liter\u00e1ria de Rio Novo (Fliminas).<\/p>\n<p>O projeto \u201cEscola de Escritores\u201d obteve reconhecimento nacional em dezembro passado, quando recebeu o selo de qualidade do \u201cPr\u00eamio Instituto Pr\u00f3-Livro &#8211; Retratos da Leitura\u201d, de S\u00e3o Paulo.<\/p>\n<p>&nbsp;<\/p>\n<p>Fonte: Assessoria<\/p>\n","protected":false},"excerpt":{"rendered":"<p>Classificado pelo Instituto Pr\u00f3-Livro como uma das dez melhores iniciativas brasileiras de fomento \u00e0 leitura, na categoria \u201cBiblioteca\u201d, o projeto \u201cEscola de Escritores\u201d ser\u00e1 retomado em 6 de mar\u00e7o, ap\u00f3s o recesso de fim de ano. Em 2018 ser\u00e3o mantidas quatro turmas com 18 alunos cada, na faixa de seis a 11 anos. Os encontros [&hellip;]<\/p>\n","protected":false},"author":96,"featured_media":92622,"comment_status":"closed","ping_status":"closed","sticky":false,"template":"","format":"standard","meta":{"footnotes":""},"categories":[253],"tags":[],"class_list":["post-92623","post","type-post","status-publish","format-standard","has-post-thumbnail","hentry","category-cidade"],"_links":{"self":[{"href":"https:\/\/diarioregionaldigital.com.br\/index.php?rest_route=\/wp\/v2\/posts\/92623","targetHints":{"allow":["GET"]}}],"collection":[{"href":"https:\/\/diarioregionaldigital.com.br\/index.php?rest_route=\/wp\/v2\/posts"}],"about":[{"href":"https:\/\/diarioregionaldigital.com.br\/index.php?rest_route=\/wp\/v2\/types\/post"}],"author":[{"embeddable":true,"href":"https:\/\/diarioregionaldigital.com.br\/index.php?rest_route=\/wp\/v2\/users\/96"}],"replies":[{"embeddable":true,"href":"https:\/\/diarioregionaldigital.com.br\/index.php?rest_route=%2Fwp%2Fv2%2Fcomments&post=92623"}],"version-history":[{"count":0,"href":"https:\/\/diarioregionaldigital.com.br\/index.php?rest_route=\/wp\/v2\/posts\/92623\/revisions"}],"wp:featuredmedia":[{"embeddable":true,"href":"https:\/\/diarioregionaldigital.com.br\/index.php?rest_route=\/wp\/v2\/media\/92622"}],"wp:attachment":[{"href":"https:\/\/diarioregionaldigital.com.br\/index.php?rest_route=%2Fwp%2Fv2%2Fmedia&parent=92623"}],"wp:term":[{"taxonomy":"category","embeddable":true,"href":"https:\/\/diarioregionaldigital.com.br\/index.php?rest_route=%2Fwp%2Fv2%2Fcategories&post=92623"},{"taxonomy":"post_tag","embeddable":true,"href":"https:\/\/diarioregionaldigital.com.br\/index.php?rest_route=%2Fwp%2Fv2%2Ftags&post=92623"}],"curies":[{"name":"wp","href":"https:\/\/api.w.org\/{rel}","templated":true}]}}