{"id":92621,"date":"2018-02-26T18:44:22","date_gmt":"2018-02-26T21:44:22","guid":{"rendered":"http:\/\/diarioregionaljf.com.br\/2018\/02\/26\/pm-apreende-crack-e-cocaina-em-residencia-no-bela-aurora\/"},"modified":"2018-02-26T18:44:22","modified_gmt":"2018-02-26T21:44:22","slug":"pm-apreende-crack-e-cocaina-em-residencia-no-bela-aurora","status":"publish","type":"post","link":"https:\/\/diarioregionaldigital.com.br\/?p=92621","title":{"rendered":"PM apreende crack e coca\u00edna em resid\u00eancia no Bela Aurora"},"content":{"rendered":"<p>A Pol\u00edcia Militar (PM) apreendeu por\u00e7\u00f5es de crack e coca\u00edna em uma casa no bairro Bela Aurora, zona Sul de Juiz de Fora, no in\u00edcio da madrugada desta segunda-feira, 26.<\/p>\n<p>De acordo com o Boletim de Ocorr\u00eancias da Pol\u00edcia Militar (PM), uma equipe se deslocou at\u00e9 a resid\u00eancia, na Rua Jandira Limp Pinheiro, ap\u00f3s recebimento de den\u00fancia informando que um jovem de 17 anos tinha drogas no local. Ap\u00f3s autorizada a entrada no im\u00f3vel, foram efetuadas buscas e localizados 25 papelotes de coca\u00edna, uma pedra de crack com cerca de 200 gramas e uma balan\u00e7a de precis\u00e3o.<\/p>\n<p>O adolescente n\u00e3o foi encontrado. O material apreendido foi encaminhado \u00e0 delegacia.<\/p>\n","protected":false},"excerpt":{"rendered":"<p>A Pol\u00edcia Militar (PM) apreendeu por\u00e7\u00f5es de crack e coca\u00edna em uma casa no bairro Bela Aurora, zona Sul de Juiz de Fora, no in\u00edcio da madrugada desta segunda-feira, 26. De acordo com o Boletim de Ocorr\u00eancias da Pol\u00edcia Militar (PM), uma equipe se deslocou at\u00e9 a resid\u00eancia, na Rua Jandira Limp Pinheiro, ap\u00f3s recebimento [&hellip;]<\/p>\n","protected":false},"author":96,"featured_media":92620,"comment_status":"closed","ping_status":"closed","sticky":false,"template":"","format":"standard","meta":{"footnotes":""},"categories":[301],"tags":[],"class_list":["post-92621","post","type-post","status-publish","format-standard","has-post-thumbnail","hentry","category-artigos-policiais"],"_links":{"self":[{"href":"https:\/\/diarioregionaldigital.com.br\/index.php?rest_route=\/wp\/v2\/posts\/92621","targetHints":{"allow":["GET"]}}],"collection":[{"href":"https:\/\/diarioregionaldigital.com.br\/index.php?rest_route=\/wp\/v2\/posts"}],"about":[{"href":"https:\/\/diarioregionaldigital.com.br\/index.php?rest_route=\/wp\/v2\/types\/post"}],"author":[{"embeddable":true,"href":"https:\/\/diarioregionaldigital.com.br\/index.php?rest_route=\/wp\/v2\/users\/96"}],"replies":[{"embeddable":true,"href":"https:\/\/diarioregionaldigital.com.br\/index.php?rest_route=%2Fwp%2Fv2%2Fcomments&post=92621"}],"version-history":[{"count":0,"href":"https:\/\/diarioregionaldigital.com.br\/index.php?rest_route=\/wp\/v2\/posts\/92621\/revisions"}],"wp:featuredmedia":[{"embeddable":true,"href":"https:\/\/diarioregionaldigital.com.br\/index.php?rest_route=\/wp\/v2\/media\/92620"}],"wp:attachment":[{"href":"https:\/\/diarioregionaldigital.com.br\/index.php?rest_route=%2Fwp%2Fv2%2Fmedia&parent=92621"}],"wp:term":[{"taxonomy":"category","embeddable":true,"href":"https:\/\/diarioregionaldigital.com.br\/index.php?rest_route=%2Fwp%2Fv2%2Fcategories&post=92621"},{"taxonomy":"post_tag","embeddable":true,"href":"https:\/\/diarioregionaldigital.com.br\/index.php?rest_route=%2Fwp%2Fv2%2Ftags&post=92621"}],"curies":[{"name":"wp","href":"https:\/\/api.w.org\/{rel}","templated":true}]}}