{"id":92617,"date":"2018-02-26T17:38:27","date_gmt":"2018-02-26T20:38:27","guid":{"rendered":"http:\/\/diarioregionaljf.com.br\/2018\/02\/26\/pjf-da-sequencia-a-nomeacoes-de-candidatos-aprovados-em-concursos-publicos-2\/"},"modified":"2018-02-26T17:38:27","modified_gmt":"2018-02-26T20:38:27","slug":"pjf-da-sequencia-a-nomeacoes-de-candidatos-aprovados-em-concursos-publicos-2","status":"publish","type":"post","link":"https:\/\/diarioregionaldigital.com.br\/?p=92617","title":{"rendered":"PJF d\u00e1 sequ\u00eancia \u00e0 nomea\u00e7\u00f5es de candidatos aprovados em concursos p\u00fablicos"},"content":{"rendered":"<p>A Prefeitura de Juiz de Fora (PJF) publicar\u00e1 no Di\u00e1rio Oficial eletr\u00f4nico do Munic\u00edpio (Atos do Governo) do \u00faltimo s\u00e1bado, 24, duas portarias nomeando 29 candidatos aprovados nos concursos p\u00fablicos relacionados aos editais 02 e 04\/2016.<\/p>\n<p>O documento contempla os cargos de assistente de administra\u00e7\u00e3o, assistente social, motorista de ve\u00edculo leve e psic\u00f3logo, referentes ao Edital 02\/2016, e de farmac\u00eautico e fisioterapeuta, do Edital 04\/2016. Os candidatos nomeados ter\u00e3o 15 dias, a contar da data da publica\u00e7\u00e3o da portaria, para se apresentar na Secretaria de Administra\u00e7\u00e3o e Recursos Humanos (SARH) e outros 15 para iniciar o efetivo exerc\u00edcio do cargo. Com estes servidores j\u00e1 s\u00e3o mais de 1.200 que ingressaram na PJF, desde 2013, atrav\u00e9s de concurso p\u00fablico.<\/p>\n<hr \/>\n<p>&nbsp;Fonte: Assessoria PJF<\/p>\n","protected":false},"excerpt":{"rendered":"<p>A Prefeitura de Juiz de Fora (PJF) publicar\u00e1 no Di\u00e1rio Oficial eletr\u00f4nico do Munic\u00edpio (Atos do Governo) do \u00faltimo s\u00e1bado, 24, duas portarias nomeando 29 candidatos aprovados nos concursos p\u00fablicos relacionados aos editais 02 e 04\/2016. O documento contempla os cargos de assistente de administra\u00e7\u00e3o, assistente social, motorista de ve\u00edculo leve e psic\u00f3logo, referentes ao [&hellip;]<\/p>\n","protected":false},"author":96,"featured_media":92616,"comment_status":"closed","ping_status":"closed","sticky":false,"template":"","format":"standard","meta":{"footnotes":""},"categories":[253],"tags":[],"class_list":["post-92617","post","type-post","status-publish","format-standard","has-post-thumbnail","hentry","category-cidade"],"_links":{"self":[{"href":"https:\/\/diarioregionaldigital.com.br\/index.php?rest_route=\/wp\/v2\/posts\/92617","targetHints":{"allow":["GET"]}}],"collection":[{"href":"https:\/\/diarioregionaldigital.com.br\/index.php?rest_route=\/wp\/v2\/posts"}],"about":[{"href":"https:\/\/diarioregionaldigital.com.br\/index.php?rest_route=\/wp\/v2\/types\/post"}],"author":[{"embeddable":true,"href":"https:\/\/diarioregionaldigital.com.br\/index.php?rest_route=\/wp\/v2\/users\/96"}],"replies":[{"embeddable":true,"href":"https:\/\/diarioregionaldigital.com.br\/index.php?rest_route=%2Fwp%2Fv2%2Fcomments&post=92617"}],"version-history":[{"count":0,"href":"https:\/\/diarioregionaldigital.com.br\/index.php?rest_route=\/wp\/v2\/posts\/92617\/revisions"}],"wp:featuredmedia":[{"embeddable":true,"href":"https:\/\/diarioregionaldigital.com.br\/index.php?rest_route=\/wp\/v2\/media\/92616"}],"wp:attachment":[{"href":"https:\/\/diarioregionaldigital.com.br\/index.php?rest_route=%2Fwp%2Fv2%2Fmedia&parent=92617"}],"wp:term":[{"taxonomy":"category","embeddable":true,"href":"https:\/\/diarioregionaldigital.com.br\/index.php?rest_route=%2Fwp%2Fv2%2Fcategories&post=92617"},{"taxonomy":"post_tag","embeddable":true,"href":"https:\/\/diarioregionaldigital.com.br\/index.php?rest_route=%2Fwp%2Fv2%2Ftags&post=92617"}],"curies":[{"name":"wp","href":"https:\/\/api.w.org\/{rel}","templated":true}]}}