{"id":92615,"date":"2018-02-26T17:36:12","date_gmt":"2018-02-26T20:36:12","guid":{"rendered":"http:\/\/diarioregionaljf.com.br\/2018\/02\/26\/tesouro-diz-que-adiamento-da-reforma-da-previdencia-nao-afeta-metas\/"},"modified":"2018-02-26T17:36:12","modified_gmt":"2018-02-26T20:36:12","slug":"tesouro-diz-que-adiamento-da-reforma-da-previdencia-nao-afeta-metas","status":"publish","type":"post","link":"https:\/\/diarioregionaldigital.com.br\/?p=92615","title":{"rendered":"Tesouro diz que adiamento da reforma da Previd\u00eancia n\u00e3o afeta metas"},"content":{"rendered":"<p>O adiamento da reforma da Previd\u00eancia n\u00e3o tem impacto sobre o Plano de Financiamento Anual (PAF), de acordo com o coordenador-geral de Opera\u00e7\u00f5es da D\u00edvida P\u00fablica do Tesouro Nacional, Leandro Secunho. Ele disse hoje, 26, em Bras\u00edlia, que o adiamento da reforma trar\u00e1 consequ\u00eancias mais a m\u00e9dio prazo e que n\u00e3o ser\u00e1 necess\u00e1rio rever a meta do governo para este ano.<\/p>\n<p>No fim de janeiro, o governo divulgou o PAF, que traz metas para a d\u00edvida p\u00fablica este ano. De acordo com o plano, a D\u00edvida P\u00fablica Federal (DPF) dever\u00e1 chegar ao fim de 2018 entre R$3,78 trilh\u00f5es e R$3,98 trilh\u00f5es. Em janeiro, de acordo com o resultado divulgado nesta segunda-feira, a d\u00edvida chegou a R$3,528 trilh\u00f5es.<\/p>\n<p>&#8220;Por ora, n\u00e3o muda nada, [n\u00e3o \u00e9 preciso] revisar o intervalo indicativo, nada disso. Os cen\u00e1rios [previstos pelo governo] comportam esse cen\u00e1rio que est\u00e1 acontecendo. At\u00e9 porque [a reforma da Previd\u00eancia] sendo aprovada este ano, o impacto no d\u00e9ficit ou na conta, ou na nossa gest\u00e3o seria muito minimizado. Seria um impacto mais ao longo do tempo&#8221;, disse Secunho.<\/p>\n<p>Ele ressaltou que, se a quest\u00e3o da Previd\u00eancia n\u00e3o for discutida e n\u00e3o for tomada alguma provid\u00eancia, &#8220;isso vai trazer impactos relevantes para nossa d\u00edvida, seja de [ter] mais d\u00edvida, um maior volume de d\u00edvida com necessidade maior de financiamento desse d\u00e9ficit, seja em termos de composi\u00e7\u00e3o&#8221;.<\/p>\n<p>Com a interven\u00e7\u00e3o federal no sistema de seguran\u00e7a do Rio de Janeiro, o Congresso Nacional fica impedido, pela Constitui\u00e7\u00e3o, de aprovar quaisquer propostas de emenda \u00e0 Constitui\u00e7\u00e3o (PEC), caso da reforma da Previd\u00eancia, enquanto a interven\u00e7\u00e3o vigorar.<\/p>\n<p>Conforme a proposta do governo de reforma da Previd\u00eancia, trabalhadores do setor privado e servidores p\u00fablicos dever\u00e3o seguir as mesmas regras, com um teto de R$5,5 mil para se aposentar e sem a possibilidade de acumular benef\u00edcios. Para trabalhadores rurais, idosos e pessoas com defici\u00eancia sem condi\u00e7\u00f5es de sustento, as regras n\u00e3o sofrer\u00e3o mudan\u00e7as.<\/p>\n<h4>Rebaixamento<\/h4>\n<p>Secunho comentou ainda que, apesar do rebaixamento do Brasil por ag\u00eancias estrangeiras de classifica\u00e7\u00e3o de risco, investidores seguem interessados no pa\u00eds. Na semana passada, a ag\u00eancia de classifica\u00e7\u00e3o de risco Fitch Ratings rebaixou a nota de cr\u00e9dito da d\u00edvida soberana do Brasil.<\/p>\n<p>No m\u00eas passado, a ag\u00eancia de classifica\u00e7\u00e3o de risco Standard &amp; Poor&#8217;s (S&amp;P) rebaixou o Brasil para tr\u00eas n\u00edveis abaixo do grau de investimento com perspectiva est\u00e1vel.<\/p>\n<p>&#8220;Existe demanda, existe atratividade pelos t\u00edtulos brasileiros&#8221;, disse. Segundo ele, o Brasil foi rebaixado mais por quest\u00f5es qualitativas, que envolvem temas pol\u00edticos e abertura para reformas como a da Previd\u00eancia, do que por quest\u00f5es quantitativas &#8211; a situa\u00e7\u00e3o econ\u00f4mica em si. As avalia\u00e7\u00f5es das ag\u00eancias s\u00e3o totalmente independentes, n\u00e3o estamos aqui para avaliar se est\u00e3o erradas ou certas&#8221;, argumentou.<\/p>\n<p>A classifica\u00e7\u00e3o de risco por ag\u00eancias estrangeiras representa uma medida de confian\u00e7a dos investidores internacionais na economia de determinado pa\u00eds. As notas servem como refer\u00eancia para os juros dos t\u00edtulos p\u00fablicos, que representam o custo para o governo pegar dinheiro emprestado dos investidores.<\/p>\n<p>O grau de investimento funciona como um atestado de que os pa\u00edses n\u00e3o correm risco de dar calote na d\u00edvida p\u00fablica. Abaixo dessa categoria, est\u00e1 o grau especulativo, cuja probabilidade de deixar de pagar a d\u00edvida p\u00fablica sobe \u00e0 medida que a nota diminui.<\/p>\n<hr \/>\n<p>&nbsp;Fonte: Ag\u00eancia Brasil<\/p>\n","protected":false},"excerpt":{"rendered":"<p>O adiamento da reforma da Previd\u00eancia n\u00e3o tem impacto sobre o Plano de Financiamento Anual (PAF), de acordo com o coordenador-geral de Opera\u00e7\u00f5es da D\u00edvida P\u00fablica do Tesouro Nacional, Leandro Secunho. Ele disse hoje, 26, em Bras\u00edlia, que o adiamento da reforma trar\u00e1 consequ\u00eancias mais a m\u00e9dio prazo e que n\u00e3o ser\u00e1 necess\u00e1rio rever a [&hellip;]<\/p>\n","protected":false},"author":96,"featured_media":92614,"comment_status":"closed","ping_status":"closed","sticky":false,"template":"","format":"standard","meta":{"footnotes":""},"categories":[261],"tags":[],"class_list":["post-92615","post","type-post","status-publish","format-standard","has-post-thumbnail","hentry","category-economia"],"_links":{"self":[{"href":"https:\/\/diarioregionaldigital.com.br\/index.php?rest_route=\/wp\/v2\/posts\/92615","targetHints":{"allow":["GET"]}}],"collection":[{"href":"https:\/\/diarioregionaldigital.com.br\/index.php?rest_route=\/wp\/v2\/posts"}],"about":[{"href":"https:\/\/diarioregionaldigital.com.br\/index.php?rest_route=\/wp\/v2\/types\/post"}],"author":[{"embeddable":true,"href":"https:\/\/diarioregionaldigital.com.br\/index.php?rest_route=\/wp\/v2\/users\/96"}],"replies":[{"embeddable":true,"href":"https:\/\/diarioregionaldigital.com.br\/index.php?rest_route=%2Fwp%2Fv2%2Fcomments&post=92615"}],"version-history":[{"count":0,"href":"https:\/\/diarioregionaldigital.com.br\/index.php?rest_route=\/wp\/v2\/posts\/92615\/revisions"}],"wp:featuredmedia":[{"embeddable":true,"href":"https:\/\/diarioregionaldigital.com.br\/index.php?rest_route=\/wp\/v2\/media\/92614"}],"wp:attachment":[{"href":"https:\/\/diarioregionaldigital.com.br\/index.php?rest_route=%2Fwp%2Fv2%2Fmedia&parent=92615"}],"wp:term":[{"taxonomy":"category","embeddable":true,"href":"https:\/\/diarioregionaldigital.com.br\/index.php?rest_route=%2Fwp%2Fv2%2Fcategories&post=92615"},{"taxonomy":"post_tag","embeddable":true,"href":"https:\/\/diarioregionaldigital.com.br\/index.php?rest_route=%2Fwp%2Fv2%2Ftags&post=92615"}],"curies":[{"name":"wp","href":"https:\/\/api.w.org\/{rel}","templated":true}]}}