{"id":92613,"date":"2018-02-26T17:27:08","date_gmt":"2018-02-26T20:27:08","guid":{"rendered":"http:\/\/diarioregionaljf.com.br\/2018\/02\/26\/segurados-do-inss\/"},"modified":"2018-02-26T17:27:08","modified_gmt":"2018-02-26T20:27:08","slug":"segurados-do-inss","status":"publish","type":"post","link":"https:\/\/diarioregionaldigital.com.br\/?p=92613","title":{"rendered":"Segurados do INSS t\u00eam at\u00e9 a pr\u00f3xima quarta-feira para comprovar que est\u00e3o vivos"},"content":{"rendered":"<p>Os benefici\u00e1rios do Instituto Nacional do Seguro Social (INSS) que ainda n\u00e3o fizeram a prova de vida devem realizar o procedimento at\u00e9 a pr\u00f3xima quarta-feira, 28, sob pena de ter o pagamento interrompido. A comprova\u00e7\u00e3o \u00e9 obrigat\u00f3ria para todos os benefici\u00e1rios que recebem seus pagamentos por conta corrente, conta poupan\u00e7a ou cart\u00e3o magn\u00e9tico.<\/p>\n<p>N\u00e3o \u00e9 necess\u00e1rio ir \u00e0s ag\u00eancias da Previd\u00eancia Social. O procedimento \u00e9 feito diretamente no banco em que o benefici\u00e1rio recebe o dinheiro, mediante apresenta\u00e7\u00e3o de documento de identifica\u00e7\u00e3o com foto. Os bancos s\u00e3o respons\u00e1veis pela convoca\u00e7\u00e3o dos segurados.<\/p>\n<p>O prazo para o comparecimento das pessoas terminaria em 31 de dezembro do ano passado, mas, devido ao grande n\u00famero de benefici\u00e1rios que n\u00e3o realizaram o procedimento em 2017, o prazo foi estendido at\u00e9 28 de fevereiro deste ano. Dos mais de 34 milh\u00f5es de benefici\u00e1rios do instituto, quase 32 milh\u00f5es j\u00e1 fizeram a comprova\u00e7\u00e3o de vida. At\u00e9 o in\u00edcio de fevereiro, 3,2 milh\u00f5es de benefici\u00e1rios ainda n\u00e3o haviam comparecido aos bancos pagadores de seu benef\u00edcio.<\/p>\n<p>Os benefici\u00e1rios que n\u00e3o puderem ir at\u00e9 as ag\u00eancias banc\u00e1rias por motivos de doen\u00e7a ou dificuldades de locomo\u00e7\u00e3o podem fazer a comprova\u00e7\u00e3o de vida por meio de um procurador cadastrado no INSS.<\/p>\n<hr \/>\n<p>&nbsp;Fonte: Ag\u00eancia Brasil<\/p>\n","protected":false},"excerpt":{"rendered":"<p>Os benefici\u00e1rios do Instituto Nacional do Seguro Social (INSS) que ainda n\u00e3o fizeram a prova de vida devem realizar o procedimento at\u00e9 a pr\u00f3xima quarta-feira, 28, sob pena de ter o pagamento interrompido. A comprova\u00e7\u00e3o \u00e9 obrigat\u00f3ria para todos os benefici\u00e1rios que recebem seus pagamentos por conta corrente, conta poupan\u00e7a ou cart\u00e3o magn\u00e9tico. N\u00e3o \u00e9 [&hellip;]<\/p>\n","protected":false},"author":96,"featured_media":92612,"comment_status":"closed","ping_status":"closed","sticky":false,"template":"","format":"standard","meta":{"footnotes":""},"categories":[261],"tags":[],"class_list":["post-92613","post","type-post","status-publish","format-standard","has-post-thumbnail","hentry","category-economia"],"_links":{"self":[{"href":"https:\/\/diarioregionaldigital.com.br\/index.php?rest_route=\/wp\/v2\/posts\/92613","targetHints":{"allow":["GET"]}}],"collection":[{"href":"https:\/\/diarioregionaldigital.com.br\/index.php?rest_route=\/wp\/v2\/posts"}],"about":[{"href":"https:\/\/diarioregionaldigital.com.br\/index.php?rest_route=\/wp\/v2\/types\/post"}],"author":[{"embeddable":true,"href":"https:\/\/diarioregionaldigital.com.br\/index.php?rest_route=\/wp\/v2\/users\/96"}],"replies":[{"embeddable":true,"href":"https:\/\/diarioregionaldigital.com.br\/index.php?rest_route=%2Fwp%2Fv2%2Fcomments&post=92613"}],"version-history":[{"count":0,"href":"https:\/\/diarioregionaldigital.com.br\/index.php?rest_route=\/wp\/v2\/posts\/92613\/revisions"}],"wp:featuredmedia":[{"embeddable":true,"href":"https:\/\/diarioregionaldigital.com.br\/index.php?rest_route=\/wp\/v2\/media\/92612"}],"wp:attachment":[{"href":"https:\/\/diarioregionaldigital.com.br\/index.php?rest_route=%2Fwp%2Fv2%2Fmedia&parent=92613"}],"wp:term":[{"taxonomy":"category","embeddable":true,"href":"https:\/\/diarioregionaldigital.com.br\/index.php?rest_route=%2Fwp%2Fv2%2Fcategories&post=92613"},{"taxonomy":"post_tag","embeddable":true,"href":"https:\/\/diarioregionaldigital.com.br\/index.php?rest_route=%2Fwp%2Fv2%2Ftags&post=92613"}],"curies":[{"name":"wp","href":"https:\/\/api.w.org\/{rel}","templated":true}]}}