{"id":92611,"date":"2018-02-26T15:36:43","date_gmt":"2018-02-26T18:36:43","guid":{"rendered":"http:\/\/diarioregionaljf.com.br\/2018\/02\/26\/policia-civil-prende-suspeitos-de-cometerem-homicidio-consumado-em-juiz-de-fora\/"},"modified":"2018-02-26T15:36:43","modified_gmt":"2018-02-26T18:36:43","slug":"policia-civil-prende-suspeitos-de-cometerem-homicidio-consumado-em-juiz-de-fora","status":"publish","type":"post","link":"https:\/\/diarioregionaldigital.com.br\/?p=92611","title":{"rendered":"Pol\u00edcia Civil prende suspeitos de cometerem homic\u00eddio consumado em Juiz de Fora"},"content":{"rendered":"<p>Na \u00faltima sexta-feira, 23, a Pol\u00edcia Civil de Minas Gerais realizou, em Juiz de Fora, a pris\u00e3o de um homem de 27 anos, que seria o mandante do homic\u00eddio consumado que vitimou um propriet\u00e1rio de uma pizzaria, de 29 anos, no dia 13 de dezembro do ano passado, no bairro Borboleta. O suspeito era ex-funcion\u00e1rio da v\u00edtima. Al\u00e9m dele, tamb\u00e9m foi preso um homem de 29 anos, suspeito de ser o executor do crime.<\/p>\n<p>Conforme informa\u00e7\u00f5es do Delegado Armando Avolio Neto, respons\u00e1vel pelo caso na Delegacia Especializada em Homic\u00eddios, os investigados foram presos na \u00faltima sexta-feira, em virtude de representa\u00e7\u00e3o do Delegado pelos mandados de pris\u00e3o, ambos expedido pela Justi\u00e7a. Investiga\u00e7\u00f5es apontam para o fato de que o crime teria ocorrido por conta de uma desaven\u00e7a entre o ex-funcion\u00e1rio e a v\u00edtima.<\/p>\n<p>Os suspeitos se encontram no Sistema Prisional e est\u00e3o \u00e0 disposi\u00e7\u00e3o da Justi\u00e7a.<\/p>\n<p>Fonte: Assessoria \/ Pol\u00edcia Civil<\/p>\n","protected":false},"excerpt":{"rendered":"<p>Na \u00faltima sexta-feira, 23, a Pol\u00edcia Civil de Minas Gerais realizou, em Juiz de Fora, a pris\u00e3o de um homem de 27 anos, que seria o mandante do homic\u00eddio consumado que vitimou um propriet\u00e1rio de uma pizzaria, de 29 anos, no dia 13 de dezembro do ano passado, no bairro Borboleta. O suspeito era ex-funcion\u00e1rio [&hellip;]<\/p>\n","protected":false},"author":96,"featured_media":92610,"comment_status":"closed","ping_status":"closed","sticky":false,"template":"","format":"standard","meta":{"footnotes":""},"categories":[253],"tags":[],"class_list":["post-92611","post","type-post","status-publish","format-standard","has-post-thumbnail","hentry","category-cidade"],"_links":{"self":[{"href":"https:\/\/diarioregionaldigital.com.br\/index.php?rest_route=\/wp\/v2\/posts\/92611","targetHints":{"allow":["GET"]}}],"collection":[{"href":"https:\/\/diarioregionaldigital.com.br\/index.php?rest_route=\/wp\/v2\/posts"}],"about":[{"href":"https:\/\/diarioregionaldigital.com.br\/index.php?rest_route=\/wp\/v2\/types\/post"}],"author":[{"embeddable":true,"href":"https:\/\/diarioregionaldigital.com.br\/index.php?rest_route=\/wp\/v2\/users\/96"}],"replies":[{"embeddable":true,"href":"https:\/\/diarioregionaldigital.com.br\/index.php?rest_route=%2Fwp%2Fv2%2Fcomments&post=92611"}],"version-history":[{"count":0,"href":"https:\/\/diarioregionaldigital.com.br\/index.php?rest_route=\/wp\/v2\/posts\/92611\/revisions"}],"wp:featuredmedia":[{"embeddable":true,"href":"https:\/\/diarioregionaldigital.com.br\/index.php?rest_route=\/wp\/v2\/media\/92610"}],"wp:attachment":[{"href":"https:\/\/diarioregionaldigital.com.br\/index.php?rest_route=%2Fwp%2Fv2%2Fmedia&parent=92611"}],"wp:term":[{"taxonomy":"category","embeddable":true,"href":"https:\/\/diarioregionaldigital.com.br\/index.php?rest_route=%2Fwp%2Fv2%2Fcategories&post=92611"},{"taxonomy":"post_tag","embeddable":true,"href":"https:\/\/diarioregionaldigital.com.br\/index.php?rest_route=%2Fwp%2Fv2%2Ftags&post=92611"}],"curies":[{"name":"wp","href":"https:\/\/api.w.org\/{rel}","templated":true}]}}