{"id":92609,"date":"2018-02-26T15:30:58","date_gmt":"2018-02-26T18:30:58","guid":{"rendered":"http:\/\/diarioregionaljf.com.br\/2018\/02\/26\/jungmann-vai-chefiar-novo-ministerio-da-seguranca-publica\/"},"modified":"2018-02-26T15:30:58","modified_gmt":"2018-02-26T18:30:58","slug":"jungmann-vai-chefiar-novo-ministerio-da-seguranca-publica","status":"publish","type":"post","link":"https:\/\/diarioregionaldigital.com.br\/?p=92609","title":{"rendered":"Jungmann vai chefiar novo Minist\u00e9rio da Seguran\u00e7a P\u00fablica"},"content":{"rendered":"<p>O Pal\u00e1cio do Planalto decidiu remanejar o atual ministro da Defesa, Raul Jungmann, para o comando do novo Minist\u00e9rio Extraordin\u00e1rio da Seguran\u00e7a P\u00fablica, que ser\u00e1 criado por medida provis\u00f3ria a ser assinada hoje, 26, pelo presidente Michel Temer.<\/p>\n<p>A informa\u00e7\u00e3o foi confirmada \u00e0 Ag\u00eancia Brasil pelo gabinete do Minist\u00e9rio da Defesa e, posteriormente, pelo porta-voz da Presid\u00eancia da Rep\u00fablica, Alexandre Parola. No lugar de Jungmann, assumir\u00e1 o atual secret\u00e1rio-geral do Minist\u00e9rio da Defesa, general Joaquim Silva e Luna, que j\u00e1 foi chefe do Estado-Maior do Ex\u00e9rcito.<\/p>\n<p>Com a pasta da seguran\u00e7a p\u00fablica, o governo passa a ter 29 minist\u00e9rios.<\/p>\n<p><span style=\"font-size: 18pt;\">Papel do minist\u00e9rio<\/span><\/p>\n<p>A cria\u00e7\u00e3o da nova pasta foi antecipada pelo pr\u00f3prio Temer, na \u00faltima sexta-feira (23). Na ocasi\u00e3o, o presidente explicou que o minist\u00e9rio vai coordenar as a\u00e7\u00f5es de seguran\u00e7a p\u00fablica em todo o pa\u00eds.<\/p>\n<p>\u201cEsse minist\u00e9rio vai fazer reuni\u00f5es permanentes com governadores e secret\u00e1rios de seguran\u00e7a\u201d, disse em entrevista ao vivo \u00e0 R\u00e1dio Bandeirantes. E completou: \u201cEsse minist\u00e9rio vai coordenar a \u00e1rea de intelig\u00eancia, porque tamb\u00e9m n\u00e3o basta colocar policial na rua com fuzil, precisa desbaratar o crime organizado\u201d, afirmou.<\/p>\n<p>Ao falar sobre a quest\u00e3o financeira, Temer disse que a nova pasta pode implicar mais gastos para administra\u00e7\u00e3o p\u00fablica, mas isso se justifica pela import\u00e2ncia do trabalho a ser feito na \u00e1rea da seguran\u00e7a.<\/p>\n<p><span style=\"font-size: 18pt;\">Curr\u00edculo<\/span><\/p>\n<p>Jungmann est\u00e1 \u00e0 frente do Minist\u00e9rio da Defesa desde maio de 2016, quando tomou posse prometendo dar prosseguimento aos projetos estrat\u00e9gicos das For\u00e7as Armadas (Ex\u00e9rcito, Marinha e Aeron\u00e1utica). Durante sua gest\u00e3o, comandou a organiza\u00e7\u00e3o do emprego de efetivo militar na seguran\u00e7a dos Jogos Ol\u00edmpicos e Paral\u00edmpicos do Rio de Janeiro e o processo de retirada das tropas brasileiras do Haiti. Em setembro de 2016, cerca de 25 mil militares deram apoio log\u00edstico \u00e0 realiza\u00e7\u00e3o das elei\u00e7\u00f5es municipais em 409 localidades de 14 estados, garantindo a seguran\u00e7a do pleito.<\/p>\n<p>Jungmann tamb\u00e9m chefiou a\u00e7\u00f5es de refor\u00e7o militar na seguran\u00e7a p\u00fablica do Amazonas, Maranh\u00e3o, Rio Grande do Norte, Rio de Janeiro e nos pr\u00e9dios p\u00fablicos da Esplanada dos Minist\u00e9rios, durante protestos em maio de 2017, e as a\u00e7\u00f5es de varredura e inspe\u00e7\u00e3o em pres\u00eddios estaduais.<\/p>\n<p>Pernambucano, foi eleito deputado federal tr\u00eas vezes; vereador em Recife (PE), onde atuou nas \u00e1reas de mobilidade urbana, sa\u00fade p\u00fablica, do meio ambiente e patrim\u00f4nio hist\u00f3rico-cultural; ex-secret\u00e1rio estadual de Planejamento (1990-1991); ministro do Desenvolvimento Agr\u00e1rio do governo Fernando Henrique Cardozo, al\u00e9m de ter presidido o Instituto Nacional de Coloniza\u00e7\u00e3o e Reforma Agr\u00e1ria. do Instituto Brasileiro do Meio Ambiente e dos Recursos Naturais Renov\u00e1veis.<\/p>\n<p>Fonte: Ag\u00eancia Brasil<\/p>\n","protected":false},"excerpt":{"rendered":"<p>O Pal\u00e1cio do Planalto decidiu remanejar o atual ministro da Defesa, Raul Jungmann, para o comando do novo Minist\u00e9rio Extraordin\u00e1rio da Seguran\u00e7a P\u00fablica, que ser\u00e1 criado por medida provis\u00f3ria a ser assinada hoje, 26, pelo presidente Michel Temer. A informa\u00e7\u00e3o foi confirmada \u00e0 Ag\u00eancia Brasil pelo gabinete do Minist\u00e9rio da Defesa e, posteriormente, pelo porta-voz [&hellip;]<\/p>\n","protected":false},"author":96,"featured_media":92608,"comment_status":"closed","ping_status":"closed","sticky":false,"template":"","format":"standard","meta":{"footnotes":""},"categories":[254],"tags":[],"class_list":["post-92609","post","type-post","status-publish","format-standard","has-post-thumbnail","hentry","category-politica"],"_links":{"self":[{"href":"https:\/\/diarioregionaldigital.com.br\/index.php?rest_route=\/wp\/v2\/posts\/92609","targetHints":{"allow":["GET"]}}],"collection":[{"href":"https:\/\/diarioregionaldigital.com.br\/index.php?rest_route=\/wp\/v2\/posts"}],"about":[{"href":"https:\/\/diarioregionaldigital.com.br\/index.php?rest_route=\/wp\/v2\/types\/post"}],"author":[{"embeddable":true,"href":"https:\/\/diarioregionaldigital.com.br\/index.php?rest_route=\/wp\/v2\/users\/96"}],"replies":[{"embeddable":true,"href":"https:\/\/diarioregionaldigital.com.br\/index.php?rest_route=%2Fwp%2Fv2%2Fcomments&post=92609"}],"version-history":[{"count":0,"href":"https:\/\/diarioregionaldigital.com.br\/index.php?rest_route=\/wp\/v2\/posts\/92609\/revisions"}],"wp:featuredmedia":[{"embeddable":true,"href":"https:\/\/diarioregionaldigital.com.br\/index.php?rest_route=\/wp\/v2\/media\/92608"}],"wp:attachment":[{"href":"https:\/\/diarioregionaldigital.com.br\/index.php?rest_route=%2Fwp%2Fv2%2Fmedia&parent=92609"}],"wp:term":[{"taxonomy":"category","embeddable":true,"href":"https:\/\/diarioregionaldigital.com.br\/index.php?rest_route=%2Fwp%2Fv2%2Fcategories&post=92609"},{"taxonomy":"post_tag","embeddable":true,"href":"https:\/\/diarioregionaldigital.com.br\/index.php?rest_route=%2Fwp%2Fv2%2Ftags&post=92609"}],"curies":[{"name":"wp","href":"https:\/\/api.w.org\/{rel}","templated":true}]}}