{"id":92607,"date":"2018-02-26T12:38:30","date_gmt":"2018-02-26T15:38:30","guid":{"rendered":"http:\/\/diarioregionaljf.com.br\/2018\/02\/26\/homem-sofre-tentativa-de-assalto-ao-chegar-de-carro-em-sua-casa\/"},"modified":"2018-02-26T12:38:30","modified_gmt":"2018-02-26T15:38:30","slug":"homem-sofre-tentativa-de-assalto-ao-chegar-de-carro-em-sua-casa","status":"publish","type":"post","link":"https:\/\/diarioregionaldigital.com.br\/?p=92607","title":{"rendered":"Homem sofre tentativa de assalto ao chegar de carro em sua casa"},"content":{"rendered":"<p>Um motorista de 58 anos sofreu uma tentativa de assalto ao chegar a sua resid\u00eancia na noite deste domingo, 25, no bairro Aeroporto, zona Oeste.<\/p>\n<p>Segundo informa\u00e7\u00f5es da Pol\u00edcia Militar (PM), o motorista entrava na garagem de casa com seu ve\u00edculo quando foi abordado por tr\u00eas indiv\u00edduos que anunciaram o assalto. Um dos autores estava com arma de fogo.<\/p>\n<p>Ao notar a presen\u00e7a dos indiv\u00edduos o homem se assustou e acelerou o ve\u00edculo, conseguindo entrar na resid\u00eancia. Os autores por sua vez efetuaram um disparo contra o carro, que se alojou na borracha de veda\u00e7\u00e3o da porta. A v\u00edtima n\u00e3o se feriu.<\/p>\n<p>Ap\u00f3s a tentativa de roubo, os assaltantes fugiram.<\/p>\n<p>A PM realizou buscas, entretanto, nenhum suspeito foi encontrado.<\/p>\n","protected":false},"excerpt":{"rendered":"<p>Um motorista de 58 anos sofreu uma tentativa de assalto ao chegar a sua resid\u00eancia na noite deste domingo, 25, no bairro Aeroporto, zona Oeste. Segundo informa\u00e7\u00f5es da Pol\u00edcia Militar (PM), o motorista entrava na garagem de casa com seu ve\u00edculo quando foi abordado por tr\u00eas indiv\u00edduos que anunciaram o assalto. Um dos autores estava [&hellip;]<\/p>\n","protected":false},"author":96,"featured_media":92606,"comment_status":"closed","ping_status":"closed","sticky":false,"template":"","format":"standard","meta":{"footnotes":""},"categories":[301],"tags":[],"class_list":["post-92607","post","type-post","status-publish","format-standard","has-post-thumbnail","hentry","category-artigos-policiais"],"_links":{"self":[{"href":"https:\/\/diarioregionaldigital.com.br\/index.php?rest_route=\/wp\/v2\/posts\/92607","targetHints":{"allow":["GET"]}}],"collection":[{"href":"https:\/\/diarioregionaldigital.com.br\/index.php?rest_route=\/wp\/v2\/posts"}],"about":[{"href":"https:\/\/diarioregionaldigital.com.br\/index.php?rest_route=\/wp\/v2\/types\/post"}],"author":[{"embeddable":true,"href":"https:\/\/diarioregionaldigital.com.br\/index.php?rest_route=\/wp\/v2\/users\/96"}],"replies":[{"embeddable":true,"href":"https:\/\/diarioregionaldigital.com.br\/index.php?rest_route=%2Fwp%2Fv2%2Fcomments&post=92607"}],"version-history":[{"count":0,"href":"https:\/\/diarioregionaldigital.com.br\/index.php?rest_route=\/wp\/v2\/posts\/92607\/revisions"}],"wp:featuredmedia":[{"embeddable":true,"href":"https:\/\/diarioregionaldigital.com.br\/index.php?rest_route=\/wp\/v2\/media\/92606"}],"wp:attachment":[{"href":"https:\/\/diarioregionaldigital.com.br\/index.php?rest_route=%2Fwp%2Fv2%2Fmedia&parent=92607"}],"wp:term":[{"taxonomy":"category","embeddable":true,"href":"https:\/\/diarioregionaldigital.com.br\/index.php?rest_route=%2Fwp%2Fv2%2Fcategories&post=92607"},{"taxonomy":"post_tag","embeddable":true,"href":"https:\/\/diarioregionaldigital.com.br\/index.php?rest_route=%2Fwp%2Fv2%2Ftags&post=92607"}],"curies":[{"name":"wp","href":"https:\/\/api.w.org\/{rel}","templated":true}]}}