{"id":92605,"date":"2018-02-26T12:24:30","date_gmt":"2018-02-26T15:24:30","guid":{"rendered":"http:\/\/diarioregionaljf.com.br\/2018\/02\/26\/pm-prende-jovem-e-aprende-menor-de-13-anos-por-trafico-de-drogas\/"},"modified":"2018-02-26T12:24:30","modified_gmt":"2018-02-26T15:24:30","slug":"pm-prende-jovem-e-aprende-menor-de-13-anos-por-trafico-de-drogas","status":"publish","type":"post","link":"https:\/\/diarioregionaldigital.com.br\/?p=92605","title":{"rendered":"PM prende jovem e aprende menor, de 13 anos, por tr\u00e1fico de drogas"},"content":{"rendered":"<p>Um jovem de 23 anos foi preso e uma menor, de 13 anos, apreendida, no in\u00edcio da madrugada desta segunda-feira, 26, por envolvimento com tr\u00e1fico de drogas. A a\u00e7\u00e3o ocorreu no bairro Ladeira, localizado na zona Leste.<\/p>\n<p>De acordo com o registro de ocorr\u00eancias da PM, durante patrulha pela regi\u00e3o, os policiais identificaram os indiv\u00edduos em atitude suspeita em um trecho da Avenida Rio Branco e realizaram a abordagem.<\/p>\n<p>Durante as buscas foram encontrados 25 papelotes de coca\u00edna.<\/p>\n<p>O jovem e a menor foram encaminhados para a delegacia juntamente com os materiais apreendidos.<\/p>\n","protected":false},"excerpt":{"rendered":"<p>Um jovem de 23 anos foi preso e uma menor, de 13 anos, apreendida, no in\u00edcio da madrugada desta segunda-feira, 26, por envolvimento com tr\u00e1fico de drogas. A a\u00e7\u00e3o ocorreu no bairro Ladeira, localizado na zona Leste. De acordo com o registro de ocorr\u00eancias da PM, durante patrulha pela regi\u00e3o, os policiais identificaram os indiv\u00edduos [&hellip;]<\/p>\n","protected":false},"author":96,"featured_media":92604,"comment_status":"closed","ping_status":"closed","sticky":false,"template":"","format":"standard","meta":{"footnotes":""},"categories":[301],"tags":[],"class_list":["post-92605","post","type-post","status-publish","format-standard","has-post-thumbnail","hentry","category-artigos-policiais"],"_links":{"self":[{"href":"https:\/\/diarioregionaldigital.com.br\/index.php?rest_route=\/wp\/v2\/posts\/92605","targetHints":{"allow":["GET"]}}],"collection":[{"href":"https:\/\/diarioregionaldigital.com.br\/index.php?rest_route=\/wp\/v2\/posts"}],"about":[{"href":"https:\/\/diarioregionaldigital.com.br\/index.php?rest_route=\/wp\/v2\/types\/post"}],"author":[{"embeddable":true,"href":"https:\/\/diarioregionaldigital.com.br\/index.php?rest_route=\/wp\/v2\/users\/96"}],"replies":[{"embeddable":true,"href":"https:\/\/diarioregionaldigital.com.br\/index.php?rest_route=%2Fwp%2Fv2%2Fcomments&post=92605"}],"version-history":[{"count":0,"href":"https:\/\/diarioregionaldigital.com.br\/index.php?rest_route=\/wp\/v2\/posts\/92605\/revisions"}],"wp:featuredmedia":[{"embeddable":true,"href":"https:\/\/diarioregionaldigital.com.br\/index.php?rest_route=\/wp\/v2\/media\/92604"}],"wp:attachment":[{"href":"https:\/\/diarioregionaldigital.com.br\/index.php?rest_route=%2Fwp%2Fv2%2Fmedia&parent=92605"}],"wp:term":[{"taxonomy":"category","embeddable":true,"href":"https:\/\/diarioregionaldigital.com.br\/index.php?rest_route=%2Fwp%2Fv2%2Fcategories&post=92605"},{"taxonomy":"post_tag","embeddable":true,"href":"https:\/\/diarioregionaldigital.com.br\/index.php?rest_route=%2Fwp%2Fv2%2Ftags&post=92605"}],"curies":[{"name":"wp","href":"https:\/\/api.w.org\/{rel}","templated":true}]}}