{"id":92603,"date":"2018-02-26T12:09:48","date_gmt":"2018-02-26T15:09:48","guid":{"rendered":"http:\/\/diarioregionaljf.com.br\/2018\/02\/26\/jovem-e-morto-com-tres-tiros-na-nuca-no-bairro-barreira-do-triunfo\/"},"modified":"2018-02-26T12:09:48","modified_gmt":"2018-02-26T15:09:48","slug":"jovem-e-morto-com-tres-tiros-na-nuca-no-bairro-barreira-do-triunfo","status":"publish","type":"post","link":"https:\/\/diarioregionaldigital.com.br\/?p=92603","title":{"rendered":"Jovem \u00e9 morto com tr\u00eas tiros na nuca no bairro Vila S\u00e3o Sebasti\u00e3o"},"content":{"rendered":"<p>A Pol\u00edcia Militar (PM) registrou um homic\u00eddio de um jovem neste domingo, 25, no bairro Vila S\u00e3o Sebasti\u00e3o, localizado na zona Leste da cidade.<\/p>\n<p>De acordo com o registro de ocorr\u00eancias, uma testemunha que passava pela Rua Pedro Ribeiro Pereira se deparou com o corpo do jovem ao solo, aparentemente sem vida. Diante do fato ela acionou a pol\u00edcia.<\/p>\n<p>Ao chegarem ao local os policiais se depararam com o corpo ao solo, de bru\u00e7os e com les\u00f5es na nuca. A per\u00edcia tamb\u00e9m compareceu e realizou os trabalhos de praxe, constatando tr\u00eas perfura\u00e7\u00f5es na nuca, provocadas por disparos de arma de fogo.<\/p>\n<p>At\u00e9 o presente momento a PM n\u00e3o identificou a identidade e dados da v\u00edtima, al\u00e9m das poss\u00edveis motiva\u00e7\u00f5es para o crime. O corpo foi removido por uma funer\u00e1ria e encaminhado para o Instituto M\u00e9dico Legal (IML), onde permanece at\u00e9 o momento.<\/p>\n<p>A PM repassou caracter\u00edsticas do jovem a fim de solicitar ajuda para identifica\u00e7\u00e3o. Ele \u00e9 magro, altura aproximada de 1,8m, cabe\u00e7a raspada, tatuagem de uma imagem de crucifixo no antebra\u00e7o direito, j\u00e1 no antebra\u00e7o esquerdo, uma tatuagem com os dizeres &#8220;Pai e M\u00e3e Amor Eterno&#8221;. A PM refor\u00e7a que quem tiver informa\u00e7\u00f5es que possam ajudar na identifica\u00e7\u00e3o, basta entrar em contato com o IML, que funciona na Rua Carolina Coelho, 56, Bairro Granbery.<\/p>\n<p>Populares informaram aos militares que durante a noite foram ouvidos cinco estampidos, provavelmente de armas de fogo.<\/p>\n","protected":false},"excerpt":{"rendered":"<p>A Pol\u00edcia Militar (PM) registrou um homic\u00eddio de um jovem neste domingo, 25, no bairro Vila S\u00e3o Sebasti\u00e3o, localizado na zona Leste da cidade. De acordo com o registro de ocorr\u00eancias, uma testemunha que passava pela Rua Pedro Ribeiro Pereira se deparou com o corpo do jovem ao solo, aparentemente sem vida. Diante do fato [&hellip;]<\/p>\n","protected":false},"author":96,"featured_media":92602,"comment_status":"closed","ping_status":"closed","sticky":false,"template":"","format":"standard","meta":{"footnotes":""},"categories":[301],"tags":[],"class_list":["post-92603","post","type-post","status-publish","format-standard","has-post-thumbnail","hentry","category-artigos-policiais"],"_links":{"self":[{"href":"https:\/\/diarioregionaldigital.com.br\/index.php?rest_route=\/wp\/v2\/posts\/92603","targetHints":{"allow":["GET"]}}],"collection":[{"href":"https:\/\/diarioregionaldigital.com.br\/index.php?rest_route=\/wp\/v2\/posts"}],"about":[{"href":"https:\/\/diarioregionaldigital.com.br\/index.php?rest_route=\/wp\/v2\/types\/post"}],"author":[{"embeddable":true,"href":"https:\/\/diarioregionaldigital.com.br\/index.php?rest_route=\/wp\/v2\/users\/96"}],"replies":[{"embeddable":true,"href":"https:\/\/diarioregionaldigital.com.br\/index.php?rest_route=%2Fwp%2Fv2%2Fcomments&post=92603"}],"version-history":[{"count":0,"href":"https:\/\/diarioregionaldigital.com.br\/index.php?rest_route=\/wp\/v2\/posts\/92603\/revisions"}],"wp:featuredmedia":[{"embeddable":true,"href":"https:\/\/diarioregionaldigital.com.br\/index.php?rest_route=\/wp\/v2\/media\/92602"}],"wp:attachment":[{"href":"https:\/\/diarioregionaldigital.com.br\/index.php?rest_route=%2Fwp%2Fv2%2Fmedia&parent=92603"}],"wp:term":[{"taxonomy":"category","embeddable":true,"href":"https:\/\/diarioregionaldigital.com.br\/index.php?rest_route=%2Fwp%2Fv2%2Fcategories&post=92603"},{"taxonomy":"post_tag","embeddable":true,"href":"https:\/\/diarioregionaldigital.com.br\/index.php?rest_route=%2Fwp%2Fv2%2Ftags&post=92603"}],"curies":[{"name":"wp","href":"https:\/\/api.w.org\/{rel}","templated":true}]}}