{"id":92601,"date":"2018-02-26T02:09:33","date_gmt":"2018-02-26T05:09:33","guid":{"rendered":"http:\/\/diarioregionaljf.com.br\/2018\/02\/26\/tesouro-direto-registra-recorde-de-adesoes-em-janeiro\/"},"modified":"2018-02-26T02:09:33","modified_gmt":"2018-02-26T05:09:33","slug":"tesouro-direto-registra-recorde-de-adesoes-em-janeiro","status":"publish","type":"post","link":"https:\/\/diarioregionaldigital.com.br\/?p=92601","title":{"rendered":"Tesouro Direto registra recorde de ades\u00f5es em janeiro"},"content":{"rendered":"<p>O n\u00famero de ades\u00f5es ao Tesouro Direto \u2013 programa de venda de t\u00edtulos p\u00fablicos a pessoas f\u00edsicas pela internet \u2013 bateu recorde em janeiro. Segundo informa\u00e7\u00f5es divulgadas pelo Tesouro Nacional, 82.568 investidores se cadastraram no programa no m\u00eas passado.<\/p>\n<p>O n\u00famero de opera\u00e7\u00f5es de at\u00e9 R$1 mil tamb\u00e9m atingiu o m\u00e1ximo hist\u00f3rico em janeiro. No \u00faltimo m\u00eas, ocorreram 119.076 aplica\u00e7\u00f5es nessa faixa de valor, representando 56,1% dos investimentos realizados. De acordo com o Tesouro Nacional, isso mostra maior acesso dos pequenos investidores ao programa.<\/p>\n<p>O n\u00famero de investidores ativos (que efetivamente possuem aplica\u00e7\u00f5es) alcan\u00e7ou 1.915.352. Somente nos \u00faltimos 12 meses, o total de investidores no Tesouro Direto acumula alta de 59,8%.<\/p>\n<hr \/>\n<p>&nbsp;Fonte: Portal Brasil<\/p>\n","protected":false},"excerpt":{"rendered":"<p>O n\u00famero de ades\u00f5es ao Tesouro Direto \u2013 programa de venda de t\u00edtulos p\u00fablicos a pessoas f\u00edsicas pela internet \u2013 bateu recorde em janeiro. Segundo informa\u00e7\u00f5es divulgadas pelo Tesouro Nacional, 82.568 investidores se cadastraram no programa no m\u00eas passado. O n\u00famero de opera\u00e7\u00f5es de at\u00e9 R$1 mil tamb\u00e9m atingiu o m\u00e1ximo hist\u00f3rico em janeiro. No [&hellip;]<\/p>\n","protected":false},"author":96,"featured_media":92600,"comment_status":"closed","ping_status":"closed","sticky":false,"template":"","format":"standard","meta":{"footnotes":""},"categories":[261],"tags":[],"class_list":["post-92601","post","type-post","status-publish","format-standard","has-post-thumbnail","hentry","category-economia"],"_links":{"self":[{"href":"https:\/\/diarioregionaldigital.com.br\/index.php?rest_route=\/wp\/v2\/posts\/92601","targetHints":{"allow":["GET"]}}],"collection":[{"href":"https:\/\/diarioregionaldigital.com.br\/index.php?rest_route=\/wp\/v2\/posts"}],"about":[{"href":"https:\/\/diarioregionaldigital.com.br\/index.php?rest_route=\/wp\/v2\/types\/post"}],"author":[{"embeddable":true,"href":"https:\/\/diarioregionaldigital.com.br\/index.php?rest_route=\/wp\/v2\/users\/96"}],"replies":[{"embeddable":true,"href":"https:\/\/diarioregionaldigital.com.br\/index.php?rest_route=%2Fwp%2Fv2%2Fcomments&post=92601"}],"version-history":[{"count":0,"href":"https:\/\/diarioregionaldigital.com.br\/index.php?rest_route=\/wp\/v2\/posts\/92601\/revisions"}],"wp:featuredmedia":[{"embeddable":true,"href":"https:\/\/diarioregionaldigital.com.br\/index.php?rest_route=\/wp\/v2\/media\/92600"}],"wp:attachment":[{"href":"https:\/\/diarioregionaldigital.com.br\/index.php?rest_route=%2Fwp%2Fv2%2Fmedia&parent=92601"}],"wp:term":[{"taxonomy":"category","embeddable":true,"href":"https:\/\/diarioregionaldigital.com.br\/index.php?rest_route=%2Fwp%2Fv2%2Fcategories&post=92601"},{"taxonomy":"post_tag","embeddable":true,"href":"https:\/\/diarioregionaldigital.com.br\/index.php?rest_route=%2Fwp%2Fv2%2Ftags&post=92601"}],"curies":[{"name":"wp","href":"https:\/\/api.w.org\/{rel}","templated":true}]}}