{"id":92599,"date":"2018-02-26T02:06:39","date_gmt":"2018-02-26T05:06:39","guid":{"rendered":"http:\/\/diarioregionaljf.com.br\/2018\/02\/26\/ligacoes-de-fixo-para-celular-ficam-mais-baratas\/"},"modified":"2018-02-26T02:06:39","modified_gmt":"2018-02-26T05:06:39","slug":"ligacoes-de-fixo-para-celular-ficam-mais-baratas","status":"publish","type":"post","link":"https:\/\/diarioregionaldigital.com.br\/?p=92599","title":{"rendered":"Liga\u00e7\u00f5es de fixo para celular ficam mais baratas"},"content":{"rendered":"<p>Telefonar de fixo para celular em liga\u00e7\u00f5es locais e de longa dist\u00e2ncia ficou mais barato a partir desse \u00faltimo domingo, 25. A decis\u00e3o da Ag\u00eancia Nacional de Telecomunica\u00e7\u00f5es (Anatel) vai beneficiar 23 milh\u00f5es de assinantes. A queda nos pre\u00e7os vai variar de 10,58% e 12,75% nas liga\u00e7\u00f5es locais e nas interurbanas de 3,98% a 7,41%.<\/p>\n<p>De acordo com a Anatel, o pre\u00e7o m\u00e9dio das chamadas locais fixo-m\u00f3vel vai passar de R$0,18 para R$0,12, sem impostos. A redu\u00e7\u00e3o dos valores se deve \u00e0 redu\u00e7\u00e3o das tarifas de interconex\u00e3o, que s\u00e3o cobradas entre as empresas pelo uso de suas redes telecomunica\u00e7\u00f5es.<\/p>\n<hr \/>\n<p>&nbsp;Fonte: Portal Brasil<\/p>\n","protected":false},"excerpt":{"rendered":"<p>Telefonar de fixo para celular em liga\u00e7\u00f5es locais e de longa dist\u00e2ncia ficou mais barato a partir desse \u00faltimo domingo, 25. A decis\u00e3o da Ag\u00eancia Nacional de Telecomunica\u00e7\u00f5es (Anatel) vai beneficiar 23 milh\u00f5es de assinantes. A queda nos pre\u00e7os vai variar de 10,58% e 12,75% nas liga\u00e7\u00f5es locais e nas interurbanas de 3,98% a 7,41%. [&hellip;]<\/p>\n","protected":false},"author":96,"featured_media":92598,"comment_status":"closed","ping_status":"closed","sticky":false,"template":"","format":"standard","meta":{"footnotes":""},"categories":[261],"tags":[],"class_list":["post-92599","post","type-post","status-publish","format-standard","has-post-thumbnail","hentry","category-economia"],"_links":{"self":[{"href":"https:\/\/diarioregionaldigital.com.br\/index.php?rest_route=\/wp\/v2\/posts\/92599","targetHints":{"allow":["GET"]}}],"collection":[{"href":"https:\/\/diarioregionaldigital.com.br\/index.php?rest_route=\/wp\/v2\/posts"}],"about":[{"href":"https:\/\/diarioregionaldigital.com.br\/index.php?rest_route=\/wp\/v2\/types\/post"}],"author":[{"embeddable":true,"href":"https:\/\/diarioregionaldigital.com.br\/index.php?rest_route=\/wp\/v2\/users\/96"}],"replies":[{"embeddable":true,"href":"https:\/\/diarioregionaldigital.com.br\/index.php?rest_route=%2Fwp%2Fv2%2Fcomments&post=92599"}],"version-history":[{"count":0,"href":"https:\/\/diarioregionaldigital.com.br\/index.php?rest_route=\/wp\/v2\/posts\/92599\/revisions"}],"wp:featuredmedia":[{"embeddable":true,"href":"https:\/\/diarioregionaldigital.com.br\/index.php?rest_route=\/wp\/v2\/media\/92598"}],"wp:attachment":[{"href":"https:\/\/diarioregionaldigital.com.br\/index.php?rest_route=%2Fwp%2Fv2%2Fmedia&parent=92599"}],"wp:term":[{"taxonomy":"category","embeddable":true,"href":"https:\/\/diarioregionaldigital.com.br\/index.php?rest_route=%2Fwp%2Fv2%2Fcategories&post=92599"},{"taxonomy":"post_tag","embeddable":true,"href":"https:\/\/diarioregionaldigital.com.br\/index.php?rest_route=%2Fwp%2Fv2%2Ftags&post=92599"}],"curies":[{"name":"wp","href":"https:\/\/api.w.org\/{rel}","templated":true}]}}