{"id":92597,"date":"2018-02-26T02:00:11","date_gmt":"2018-02-26T05:00:11","guid":{"rendered":"http:\/\/diarioregionaljf.com.br\/2018\/02\/26\/conta-de-luz-em-marco-permanece-sem-cobranca-de-taxa-extra\/"},"modified":"2018-02-26T02:00:11","modified_gmt":"2018-02-26T05:00:11","slug":"conta-de-luz-em-marco-permanece-sem-cobranca-de-taxa-extra","status":"publish","type":"post","link":"https:\/\/diarioregionaldigital.com.br\/?p=92597","title":{"rendered":"Conta de luz em mar\u00e7o permanece sem cobran\u00e7a de taxa extra"},"content":{"rendered":"<p>Em mar\u00e7o, os consumidores brasileiros n\u00e3o v\u00e3o precisar pagar taxa extra na conta de luz. Como as condi\u00e7\u00f5es foram favor\u00e1veis para a gera\u00e7\u00e3o de energia hidrel\u00e9trica no Pa\u00eds, foi poss\u00edvel manter a bandeira tarif\u00e1ria verde para o pr\u00f3ximo m\u00eas. Mesmo assim, \u00e9 importante manter as a\u00e7\u00f5es relacionadas ao uso consciente e combate ao desperd\u00edcio de energia el\u00e9trica.<\/p>\n<p>Criado pela Ag\u00eancia Nacional de Energia El\u00e9trica (Aneel), o sistema de bandeiras tarif\u00e1rias sinaliza o custo real da energia gerada, possibilitando aos consumidores o bom uso da energia el\u00e9trica. O funcionamento das bandeiras tarif\u00e1rias \u00e9 simples: as cores verde, amarela ou vermelha (nos patamares 1 e 2) indicam se a energia custar\u00e1 mais ou menos em fun\u00e7\u00e3o das condi\u00e7\u00f5es de gera\u00e7\u00e3o.<\/p>\n<hr \/>\n<p>&nbsp;Fonte: Portal Brasil<\/p>\n","protected":false},"excerpt":{"rendered":"<p>Em mar\u00e7o, os consumidores brasileiros n\u00e3o v\u00e3o precisar pagar taxa extra na conta de luz. Como as condi\u00e7\u00f5es foram favor\u00e1veis para a gera\u00e7\u00e3o de energia hidrel\u00e9trica no Pa\u00eds, foi poss\u00edvel manter a bandeira tarif\u00e1ria verde para o pr\u00f3ximo m\u00eas. Mesmo assim, \u00e9 importante manter as a\u00e7\u00f5es relacionadas ao uso consciente e combate ao desperd\u00edcio de [&hellip;]<\/p>\n","protected":false},"author":96,"featured_media":92596,"comment_status":"closed","ping_status":"closed","sticky":false,"template":"","format":"standard","meta":{"footnotes":""},"categories":[261],"tags":[],"class_list":["post-92597","post","type-post","status-publish","format-standard","has-post-thumbnail","hentry","category-economia"],"_links":{"self":[{"href":"https:\/\/diarioregionaldigital.com.br\/index.php?rest_route=\/wp\/v2\/posts\/92597","targetHints":{"allow":["GET"]}}],"collection":[{"href":"https:\/\/diarioregionaldigital.com.br\/index.php?rest_route=\/wp\/v2\/posts"}],"about":[{"href":"https:\/\/diarioregionaldigital.com.br\/index.php?rest_route=\/wp\/v2\/types\/post"}],"author":[{"embeddable":true,"href":"https:\/\/diarioregionaldigital.com.br\/index.php?rest_route=\/wp\/v2\/users\/96"}],"replies":[{"embeddable":true,"href":"https:\/\/diarioregionaldigital.com.br\/index.php?rest_route=%2Fwp%2Fv2%2Fcomments&post=92597"}],"version-history":[{"count":0,"href":"https:\/\/diarioregionaldigital.com.br\/index.php?rest_route=\/wp\/v2\/posts\/92597\/revisions"}],"wp:featuredmedia":[{"embeddable":true,"href":"https:\/\/diarioregionaldigital.com.br\/index.php?rest_route=\/wp\/v2\/media\/92596"}],"wp:attachment":[{"href":"https:\/\/diarioregionaldigital.com.br\/index.php?rest_route=%2Fwp%2Fv2%2Fmedia&parent=92597"}],"wp:term":[{"taxonomy":"category","embeddable":true,"href":"https:\/\/diarioregionaldigital.com.br\/index.php?rest_route=%2Fwp%2Fv2%2Fcategories&post=92597"},{"taxonomy":"post_tag","embeddable":true,"href":"https:\/\/diarioregionaldigital.com.br\/index.php?rest_route=%2Fwp%2Fv2%2Ftags&post=92597"}],"curies":[{"name":"wp","href":"https:\/\/api.w.org\/{rel}","templated":true}]}}