{"id":92595,"date":"2018-02-24T17:25:59","date_gmt":"2018-02-24T20:25:59","guid":{"rendered":"http:\/\/diarioregionaljf.com.br\/2018\/02\/24\/chuva-causa-deslizamento-na-br-356-e-alaga-casas-em-distrito-de-muriae\/"},"modified":"2018-02-24T17:25:59","modified_gmt":"2018-02-24T20:25:59","slug":"chuva-causa-deslizamento-na-br-356-e-alaga-casas-em-distrito-de-muriae","status":"publish","type":"post","link":"https:\/\/diarioregionaldigital.com.br\/?p=92595","title":{"rendered":"Chuva causa deslizamento na BR-356 e alaga casas em distrito de Muria\u00e9"},"content":{"rendered":"<p>Ap\u00f3s forte chuva sobre a cidade de Muria\u00e9 que durou aproximadamente 3 horas, foi constatado na noite dessa sexta-feira, 23, que houve satura\u00e7\u00e3o do solo e consequente deslizamento de terra sobre a BR-356, no per\u00edmetro urbano do munic\u00edpio, que interditou ambos os sentidos do fluxo de ve\u00edculos.<\/p>\n<p>O Corpo de Bombeiros acionou a Prefeitura Municipal de Muria\u00e9, Defesa Civil, Policia Militar (PM) e o Departamento Nacional de Infraestrutura de Transportes (Dnit). Ap\u00f3s os bombeiros garantirem a seguran\u00e7a da via, foram iniciados os trabalhos atrav\u00e9s destes \u00f3rg\u00e3os e outras pessoas do Distrito de Vermelho com os maquin\u00e1rios. Na manh\u00e3 deste s\u00e1bado, 24, meia-pista foi desobstru\u00edda, sendo que por dentro do distrito tamb\u00e9m h\u00e1 caminhos alternativos, e a revis\u00e3o \u00e9 que a rodovia seja liberada ainda nesta tarde.<\/p>\n<p>A Pol\u00edcia Militar Rodovi\u00e1ria de Dona Euz\u00e9bia est\u00e1 no local para garantir a seguran\u00e7a no trecho e orientando motoristas sobre rotas alternativas.<\/p>\n<h4>&nbsp;<\/h4>\n<h4>ALAGAMENTOS<\/h4>\n<p>Tamb\u00e9m devido \u00e0 forte chuva e o transbordamento do Rio preto, houve alagamento de pontos do Distrito de Vermelho que atingiu 15 casas causando danos materiais oriundos do contato da \u00e1gua com m\u00f3veis. Quarenta e cinco pessoas foram afetadas e n\u00e3o h\u00e1 registro de feridos, desalojados ou desabrigados.<\/p>\n<p>Equipes de assistentes sociais foram acionadas e est\u00e3o no local oferecendo apoio e orientando os afetados a como proceder durante e ap\u00f3s o evento.<\/p>\n","protected":false},"excerpt":{"rendered":"<p>Ap\u00f3s forte chuva sobre a cidade de Muria\u00e9 que durou aproximadamente 3 horas, foi constatado na noite dessa sexta-feira, 23, que houve satura\u00e7\u00e3o do solo e consequente deslizamento de terra sobre a BR-356, no per\u00edmetro urbano do munic\u00edpio, que interditou ambos os sentidos do fluxo de ve\u00edculos. O Corpo de Bombeiros acionou a Prefeitura Municipal [&hellip;]<\/p>\n","protected":false},"author":96,"featured_media":92594,"comment_status":"closed","ping_status":"closed","sticky":false,"template":"","format":"standard","meta":{"footnotes":""},"categories":[252],"tags":[],"class_list":["post-92595","post","type-post","status-publish","format-standard","has-post-thumbnail","hentry","category-regiao"],"_links":{"self":[{"href":"https:\/\/diarioregionaldigital.com.br\/index.php?rest_route=\/wp\/v2\/posts\/92595","targetHints":{"allow":["GET"]}}],"collection":[{"href":"https:\/\/diarioregionaldigital.com.br\/index.php?rest_route=\/wp\/v2\/posts"}],"about":[{"href":"https:\/\/diarioregionaldigital.com.br\/index.php?rest_route=\/wp\/v2\/types\/post"}],"author":[{"embeddable":true,"href":"https:\/\/diarioregionaldigital.com.br\/index.php?rest_route=\/wp\/v2\/users\/96"}],"replies":[{"embeddable":true,"href":"https:\/\/diarioregionaldigital.com.br\/index.php?rest_route=%2Fwp%2Fv2%2Fcomments&post=92595"}],"version-history":[{"count":0,"href":"https:\/\/diarioregionaldigital.com.br\/index.php?rest_route=\/wp\/v2\/posts\/92595\/revisions"}],"wp:featuredmedia":[{"embeddable":true,"href":"https:\/\/diarioregionaldigital.com.br\/index.php?rest_route=\/wp\/v2\/media\/92594"}],"wp:attachment":[{"href":"https:\/\/diarioregionaldigital.com.br\/index.php?rest_route=%2Fwp%2Fv2%2Fmedia&parent=92595"}],"wp:term":[{"taxonomy":"category","embeddable":true,"href":"https:\/\/diarioregionaldigital.com.br\/index.php?rest_route=%2Fwp%2Fv2%2Fcategories&post=92595"},{"taxonomy":"post_tag","embeddable":true,"href":"https:\/\/diarioregionaldigital.com.br\/index.php?rest_route=%2Fwp%2Fv2%2Ftags&post=92595"}],"curies":[{"name":"wp","href":"https:\/\/api.w.org\/{rel}","templated":true}]}}