{"id":92593,"date":"2018-02-24T14:23:58","date_gmt":"2018-02-24T17:23:58","guid":{"rendered":"http:\/\/diarioregionaljf.com.br\/2018\/02\/24\/vinte-ex-agentes-politicos-de-lima-duarte-terao-que-devolver-salario-recebido-ilegalmente\/"},"modified":"2018-02-24T14:23:58","modified_gmt":"2018-02-24T17:23:58","slug":"vinte-ex-agentes-politicos-de-lima-duarte-terao-que-devolver-salario-recebido-ilegalmente","status":"publish","type":"post","link":"https:\/\/diarioregionaldigital.com.br\/?p=92593","title":{"rendered":"Vinte ex-agentes pol\u00edticos de Lima Duarte ter\u00e3o que devolver sal\u00e1rio recebido ilegalmente"},"content":{"rendered":"<p>Em decis\u00e3o transitada em julgado, ou seja, contra a qual n\u00e3o cabe mais recurso, a Justi\u00e7a atendeu pedido do Minist\u00e9rio P\u00fablico de Minas Gerais (MPMG) e declarou a inconstitucionalidade e a nulidade de duas leis municipais de Lima Duarte que, em 2012, estabeleceram o aumento de subs\u00eddios do ent\u00e3o prefeito, vice, 11 vereadores e sete secret\u00e1rios municipais. A decis\u00e3o determinou que todos devolvam os valores recebidos indevidamente.<\/p>\n<p>Conforme o MPMG, as Lei Municipais 1.693\/2012 e 1.694\/2012, que fixaram os subs\u00eddios dos agentes pol\u00edticos para a legislatura de 2013 a 2016, afrontaram o princ\u00edpio da anterioridade da legislatura. As normas foram promulgadas e publicadas em 7 de novembro de 2012, ap\u00f3s, portanto, as elei\u00e7\u00f5es municipais realizadas naquele ano. \u201cAo votarem as leis dois dias antes das elei\u00e7\u00f5es municipais, os vereadores, embora n\u00e3o conhecessem o resultado, j\u00e1 possu\u00edam expectativas concretas de sucesso ou fracasso frente ao pleito eleitoral que se sucederia no dia seguinte\u201d, afirma a promotora de Justi\u00e7a Nat\u00e1lia Salom\u00e3o de Pinho.<\/p>\n<p>Conforme a decis\u00e3o judicial, seis dos vereadores foram reeleitos, o que evidencia vulnera\u00e7\u00e3o dos princ\u00edpios da moralidade e impessoalidade. \u201cTendo os r\u00e9us recebido subs\u00eddios indevidos, ainda que tenham recebido de boa-f\u00e9, \u00e9 patente o enriquecimento il\u00edcito, e o n\u00e3o ressarcimento afronta os princ\u00edpios da legalidade, moralidade e impessoalidade administrativas\u201d, diz trecho da decis\u00e3o judicial.<\/p>\n<p>Para o Tribunal de Justi\u00e7a de Minas Gerais (TJMG), o recebimento de subs\u00eddios a maior por agentes pol\u00edticos decorre de lei aprovada por eles pr\u00f3prios, procedimento que, ao contr\u00e1rio dos servidores p\u00fablicos, n\u00e3o pode justificar a irregularidade sob a alega\u00e7\u00e3o de boa-f\u00e9.<\/p>\n<p>Fonte: Assessoria<\/p>\n","protected":false},"excerpt":{"rendered":"<p>Em decis\u00e3o transitada em julgado, ou seja, contra a qual n\u00e3o cabe mais recurso, a Justi\u00e7a atendeu pedido do Minist\u00e9rio P\u00fablico de Minas Gerais (MPMG) e declarou a inconstitucionalidade e a nulidade de duas leis municipais de Lima Duarte que, em 2012, estabeleceram o aumento de subs\u00eddios do ent\u00e3o prefeito, vice, 11 vereadores e sete [&hellip;]<\/p>\n","protected":false},"author":96,"featured_media":92592,"comment_status":"closed","ping_status":"closed","sticky":false,"template":"","format":"standard","meta":{"footnotes":""},"categories":[252],"tags":[],"class_list":["post-92593","post","type-post","status-publish","format-standard","has-post-thumbnail","hentry","category-regiao"],"_links":{"self":[{"href":"https:\/\/diarioregionaldigital.com.br\/index.php?rest_route=\/wp\/v2\/posts\/92593","targetHints":{"allow":["GET"]}}],"collection":[{"href":"https:\/\/diarioregionaldigital.com.br\/index.php?rest_route=\/wp\/v2\/posts"}],"about":[{"href":"https:\/\/diarioregionaldigital.com.br\/index.php?rest_route=\/wp\/v2\/types\/post"}],"author":[{"embeddable":true,"href":"https:\/\/diarioregionaldigital.com.br\/index.php?rest_route=\/wp\/v2\/users\/96"}],"replies":[{"embeddable":true,"href":"https:\/\/diarioregionaldigital.com.br\/index.php?rest_route=%2Fwp%2Fv2%2Fcomments&post=92593"}],"version-history":[{"count":0,"href":"https:\/\/diarioregionaldigital.com.br\/index.php?rest_route=\/wp\/v2\/posts\/92593\/revisions"}],"wp:featuredmedia":[{"embeddable":true,"href":"https:\/\/diarioregionaldigital.com.br\/index.php?rest_route=\/wp\/v2\/media\/92592"}],"wp:attachment":[{"href":"https:\/\/diarioregionaldigital.com.br\/index.php?rest_route=%2Fwp%2Fv2%2Fmedia&parent=92593"}],"wp:term":[{"taxonomy":"category","embeddable":true,"href":"https:\/\/diarioregionaldigital.com.br\/index.php?rest_route=%2Fwp%2Fv2%2Fcategories&post=92593"},{"taxonomy":"post_tag","embeddable":true,"href":"https:\/\/diarioregionaldigital.com.br\/index.php?rest_route=%2Fwp%2Fv2%2Ftags&post=92593"}],"curies":[{"name":"wp","href":"https:\/\/api.w.org\/{rel}","templated":true}]}}