{"id":92591,"date":"2018-02-24T14:09:03","date_gmt":"2018-02-24T17:09:03","guid":{"rendered":"http:\/\/diarioregionaljf.com.br\/2018\/02\/24\/policia-militar-apreende-drogas-arma-e-municoes-durante-operacao-em-recreio\/"},"modified":"2018-02-24T14:09:03","modified_gmt":"2018-02-24T17:09:03","slug":"policia-militar-apreende-drogas-arma-e-municoes-durante-operacao-em-recreio","status":"publish","type":"post","link":"https:\/\/diarioregionaldigital.com.br\/?p=92591","title":{"rendered":"Pol\u00edcia Militar apreende drogas, arma e muni\u00e7\u00f5es durante opera\u00e7\u00e3o em Recreio"},"content":{"rendered":"<p>Arma, muni\u00e7\u00f5es e drogas foram apreendidas durante uma a\u00e7\u00e3o da Pol\u00edcia Militar (PM) nessa sexta-feira, 23, no munic\u00edpio de Recreio. Foram encontradas 18 buchas e uma por\u00e7\u00e3o grande de maconha, 12 por\u00e7\u00f5es de coca\u00edna, um rev\u00f3lver calibre 32, al\u00e9m de vinte e uma muni\u00e7\u00f5es. A opera\u00e7\u00e3o teve objetivo de coibir a\u00e7\u00f5es criminosas na regi\u00e3o, principalmente impedindo a migra\u00e7\u00e3o de criminosos do estado do Rio de Janeiro ap\u00f3s a interven\u00e7\u00e3o federal decretada na sexta-feira, 16. Duas pessoas foram presas em flagrante.<\/p>\n<p>Durante fiscaliza\u00e7\u00e3o de policiais militares do Pelot\u00e3o de Recreio e tr\u00eas equipes do Batalh\u00e3o ROTAM de Belo Horizonte, den\u00fancias informaram que um indiv\u00edduo estaria adquirindo drogas no Morro do Alem\u00e3o no Rio de Janeiro e comercializando no munic\u00edpio de Recreio. Uma a\u00e7\u00e3o foi desencadeada e o suspeito, de 20 anos, foi localizado pelos policiais no bairro Grotinha. Segundo a PM, com o indiv\u00edduo foram apreendidos uma arma de fogo municiada com cinco cartuchos .32 e 16 muni\u00e7\u00f5es escondidas em uma meia. Por\u00e7\u00f5es de maconha, que estavam prontas para venda tamb\u00e9m foram apreendidas juntamente com a quantia de R$336,50. Ainda segundo a PM, um homem de 41 anos foi preso em outra resid\u00eancia tentando dar descarga em uma grande quantidade de maconha e coca\u00edna. Ap\u00f3s desmontarem o vaso sanit\u00e1rio do im\u00f3vel os militares conseguiram recuperar as por\u00e7\u00f5es da droga que o indiv\u00edduo tentava desfazer. Com ele foram apreendidas uma por\u00e7\u00e3o de maconha escondida na cueca e a quantia de R$855. Os dois suspeitos foram presos em flagrante.<\/p>\n<p>Eles foram encaminhados para a Delegacia Regional de Pol\u00edcia Civil em Leopoldina juntamente com todo o material apreendido.<\/p>\n<p>Fonte: O Vigilante Online<\/p>\n","protected":false},"excerpt":{"rendered":"<p>Arma, muni\u00e7\u00f5es e drogas foram apreendidas durante uma a\u00e7\u00e3o da Pol\u00edcia Militar (PM) nessa sexta-feira, 23, no munic\u00edpio de Recreio. Foram encontradas 18 buchas e uma por\u00e7\u00e3o grande de maconha, 12 por\u00e7\u00f5es de coca\u00edna, um rev\u00f3lver calibre 32, al\u00e9m de vinte e uma muni\u00e7\u00f5es. A opera\u00e7\u00e3o teve objetivo de coibir a\u00e7\u00f5es criminosas na regi\u00e3o, principalmente [&hellip;]<\/p>\n","protected":false},"author":96,"featured_media":92590,"comment_status":"closed","ping_status":"closed","sticky":false,"template":"","format":"standard","meta":{"footnotes":""},"categories":[252],"tags":[],"class_list":["post-92591","post","type-post","status-publish","format-standard","has-post-thumbnail","hentry","category-regiao"],"_links":{"self":[{"href":"https:\/\/diarioregionaldigital.com.br\/index.php?rest_route=\/wp\/v2\/posts\/92591","targetHints":{"allow":["GET"]}}],"collection":[{"href":"https:\/\/diarioregionaldigital.com.br\/index.php?rest_route=\/wp\/v2\/posts"}],"about":[{"href":"https:\/\/diarioregionaldigital.com.br\/index.php?rest_route=\/wp\/v2\/types\/post"}],"author":[{"embeddable":true,"href":"https:\/\/diarioregionaldigital.com.br\/index.php?rest_route=\/wp\/v2\/users\/96"}],"replies":[{"embeddable":true,"href":"https:\/\/diarioregionaldigital.com.br\/index.php?rest_route=%2Fwp%2Fv2%2Fcomments&post=92591"}],"version-history":[{"count":0,"href":"https:\/\/diarioregionaldigital.com.br\/index.php?rest_route=\/wp\/v2\/posts\/92591\/revisions"}],"wp:featuredmedia":[{"embeddable":true,"href":"https:\/\/diarioregionaldigital.com.br\/index.php?rest_route=\/wp\/v2\/media\/92590"}],"wp:attachment":[{"href":"https:\/\/diarioregionaldigital.com.br\/index.php?rest_route=%2Fwp%2Fv2%2Fmedia&parent=92591"}],"wp:term":[{"taxonomy":"category","embeddable":true,"href":"https:\/\/diarioregionaldigital.com.br\/index.php?rest_route=%2Fwp%2Fv2%2Fcategories&post=92591"},{"taxonomy":"post_tag","embeddable":true,"href":"https:\/\/diarioregionaldigital.com.br\/index.php?rest_route=%2Fwp%2Fv2%2Ftags&post=92591"}],"curies":[{"name":"wp","href":"https:\/\/api.w.org\/{rel}","templated":true}]}}