{"id":92589,"date":"2018-02-24T14:01:02","date_gmt":"2018-02-24T17:01:02","guid":{"rendered":"http:\/\/diarioregionaljf.com.br\/2018\/02\/24\/homem-e-preso-apos-esfaquear-adolescente-em-muriae\/"},"modified":"2018-02-24T14:01:02","modified_gmt":"2018-02-24T17:01:02","slug":"homem-e-preso-apos-esfaquear-adolescente-em-muriae","status":"publish","type":"post","link":"https:\/\/diarioregionaldigital.com.br\/?p=92589","title":{"rendered":"Homem \u00e9 preso ap\u00f3s esfaquear adolescente em Muria\u00e9"},"content":{"rendered":"<p>Um homem de 29 anos foi preso em flagrante pela Pol\u00edcia Militar (PM), ap\u00f3s esfaquear um adolescente de 16 anos, no bairro Uni\u00e3o, em Muria\u00e9, na noite dessa sexta-feira, 23. Segundo a PM, a v\u00edtima foi ferida em um dos bra\u00e7os e atendida no Hospital S\u00e3o Paulo, sendo liberada em seguida.<\/p>\n<p>De acordo com o registro da ocorr\u00eancia, o adolescente contou que estava em uma lanchonete quando o autor chegou, puxou uma faca que trazia na cintura e, sem motivo aparente, o esfaqueou. Ele tamb\u00e9m disse que o homem tentou atingi-lo no abd\u00f4men, mas que conseguiu se esquivar, sendo ferido no bra\u00e7o.<\/p>\n<p>Conforme o registro, ap\u00f3s receber informa\u00e7\u00f5es de que o agressor havia fugido para sua resid\u00eancia, policiais foram at\u00e9 o im\u00f3vel e o encontraram escondido, tendo ele confessado o crime, por\u00e9m, sem saber explicar porque atacou o adolescente.<\/p>\n<p>Ainda segundo o relato dos militares, o homem entregou a faca usada para ferir a v\u00edtima, e foi conduzido para apresenta\u00e7\u00e3o \u00e0 Pol\u00edcia Civil (PC), na delegacia de plant\u00e3o, no bairro Safira.<\/p>\n<p>Fonte: R\u00e1dio Muria\u00e9<\/p>\n","protected":false},"excerpt":{"rendered":"<p>Um homem de 29 anos foi preso em flagrante pela Pol\u00edcia Militar (PM), ap\u00f3s esfaquear um adolescente de 16 anos, no bairro Uni\u00e3o, em Muria\u00e9, na noite dessa sexta-feira, 23. Segundo a PM, a v\u00edtima foi ferida em um dos bra\u00e7os e atendida no Hospital S\u00e3o Paulo, sendo liberada em seguida. De acordo com o [&hellip;]<\/p>\n","protected":false},"author":96,"featured_media":92588,"comment_status":"closed","ping_status":"closed","sticky":false,"template":"","format":"standard","meta":{"footnotes":""},"categories":[252],"tags":[],"class_list":["post-92589","post","type-post","status-publish","format-standard","has-post-thumbnail","hentry","category-regiao"],"_links":{"self":[{"href":"https:\/\/diarioregionaldigital.com.br\/index.php?rest_route=\/wp\/v2\/posts\/92589","targetHints":{"allow":["GET"]}}],"collection":[{"href":"https:\/\/diarioregionaldigital.com.br\/index.php?rest_route=\/wp\/v2\/posts"}],"about":[{"href":"https:\/\/diarioregionaldigital.com.br\/index.php?rest_route=\/wp\/v2\/types\/post"}],"author":[{"embeddable":true,"href":"https:\/\/diarioregionaldigital.com.br\/index.php?rest_route=\/wp\/v2\/users\/96"}],"replies":[{"embeddable":true,"href":"https:\/\/diarioregionaldigital.com.br\/index.php?rest_route=%2Fwp%2Fv2%2Fcomments&post=92589"}],"version-history":[{"count":0,"href":"https:\/\/diarioregionaldigital.com.br\/index.php?rest_route=\/wp\/v2\/posts\/92589\/revisions"}],"wp:featuredmedia":[{"embeddable":true,"href":"https:\/\/diarioregionaldigital.com.br\/index.php?rest_route=\/wp\/v2\/media\/92588"}],"wp:attachment":[{"href":"https:\/\/diarioregionaldigital.com.br\/index.php?rest_route=%2Fwp%2Fv2%2Fmedia&parent=92589"}],"wp:term":[{"taxonomy":"category","embeddable":true,"href":"https:\/\/diarioregionaldigital.com.br\/index.php?rest_route=%2Fwp%2Fv2%2Fcategories&post=92589"},{"taxonomy":"post_tag","embeddable":true,"href":"https:\/\/diarioregionaldigital.com.br\/index.php?rest_route=%2Fwp%2Fv2%2Ftags&post=92589"}],"curies":[{"name":"wp","href":"https:\/\/api.w.org\/{rel}","templated":true}]}}