{"id":92587,"date":"2018-02-24T13:20:00","date_gmt":"2018-02-24T16:20:00","guid":{"rendered":"http:\/\/diarioregionaljf.com.br\/2018\/02\/24\/pm-apreende-1-kg-de-cocaina-no-costa-carvalho\/"},"modified":"2018-02-24T13:20:00","modified_gmt":"2018-02-24T16:20:00","slug":"pm-apreende-1-kg-de-cocaina-no-costa-carvalho","status":"publish","type":"post","link":"https:\/\/diarioregionaldigital.com.br\/?p=92587","title":{"rendered":"PM apreende 1 kg de coca\u00edna no Costa Carvalho"},"content":{"rendered":"<p>Pol\u00edcia Militar (PM) apreendeu 1 kg de coca\u00edna em uma casa abandonada, localizada na Travessa Nelson Carneiro, no bairro Costa Carvalho, zona Leste, na manh\u00e3 dessa sexta-feira, 23. Segundo o registro da ocorr\u00eancia, os policiais foram ao local para cumprir um mandado de busca e apreens\u00e3o e na varanda do im\u00f3vel foram localizados 1 kg e cinco papelotes de coca\u00edna, que estavam em um saco pl\u00e1stico. Ningu\u00e9m foi preso.<\/p>\n<p>Um indiv\u00edduo que estava no escad\u00e3o pr\u00f3ximo a essa varanda fugiu ao perceber a chegada da viatura policial.<\/p>\n","protected":false},"excerpt":{"rendered":"<p>Pol\u00edcia Militar (PM) apreendeu 1 kg de coca\u00edna em uma casa abandonada, localizada na Travessa Nelson Carneiro, no bairro Costa Carvalho, zona Leste, na manh\u00e3 dessa sexta-feira, 23. Segundo o registro da ocorr\u00eancia, os policiais foram ao local para cumprir um mandado de busca e apreens\u00e3o e na varanda do im\u00f3vel foram localizados 1 kg [&hellip;]<\/p>\n","protected":false},"author":96,"featured_media":92586,"comment_status":"closed","ping_status":"closed","sticky":false,"template":"","format":"standard","meta":{"footnotes":""},"categories":[301],"tags":[],"class_list":["post-92587","post","type-post","status-publish","format-standard","has-post-thumbnail","hentry","category-artigos-policiais"],"_links":{"self":[{"href":"https:\/\/diarioregionaldigital.com.br\/index.php?rest_route=\/wp\/v2\/posts\/92587","targetHints":{"allow":["GET"]}}],"collection":[{"href":"https:\/\/diarioregionaldigital.com.br\/index.php?rest_route=\/wp\/v2\/posts"}],"about":[{"href":"https:\/\/diarioregionaldigital.com.br\/index.php?rest_route=\/wp\/v2\/types\/post"}],"author":[{"embeddable":true,"href":"https:\/\/diarioregionaldigital.com.br\/index.php?rest_route=\/wp\/v2\/users\/96"}],"replies":[{"embeddable":true,"href":"https:\/\/diarioregionaldigital.com.br\/index.php?rest_route=%2Fwp%2Fv2%2Fcomments&post=92587"}],"version-history":[{"count":0,"href":"https:\/\/diarioregionaldigital.com.br\/index.php?rest_route=\/wp\/v2\/posts\/92587\/revisions"}],"wp:featuredmedia":[{"embeddable":true,"href":"https:\/\/diarioregionaldigital.com.br\/index.php?rest_route=\/wp\/v2\/media\/92586"}],"wp:attachment":[{"href":"https:\/\/diarioregionaldigital.com.br\/index.php?rest_route=%2Fwp%2Fv2%2Fmedia&parent=92587"}],"wp:term":[{"taxonomy":"category","embeddable":true,"href":"https:\/\/diarioregionaldigital.com.br\/index.php?rest_route=%2Fwp%2Fv2%2Fcategories&post=92587"},{"taxonomy":"post_tag","embeddable":true,"href":"https:\/\/diarioregionaldigital.com.br\/index.php?rest_route=%2Fwp%2Fv2%2Ftags&post=92587"}],"curies":[{"name":"wp","href":"https:\/\/api.w.org\/{rel}","templated":true}]}}