{"id":92585,"date":"2018-02-24T13:06:52","date_gmt":"2018-02-24T16:06:52","guid":{"rendered":"http:\/\/diarioregionaljf.com.br\/2018\/02\/24\/mae-descobre-que-filha-e-assediada-sexualmente-pelo-facebook\/"},"modified":"2018-02-24T13:06:52","modified_gmt":"2018-02-24T16:06:52","slug":"mae-descobre-que-filha-e-assediada-sexualmente-pelo-facebook","status":"publish","type":"post","link":"https:\/\/diarioregionaldigital.com.br\/?p=92585","title":{"rendered":"M\u00e3e descobre que filha \u00e9 assediada sexualmente pelo Facebook"},"content":{"rendered":"<p>Uma mulher de 32 anos, m\u00e3e de uma adolescente de 12, registrou uma ocorr\u00eancia na noite dessa sexta-feira, 23, ap\u00f3s tomar conhecimento que a filha estava sendo assediada sexualmente atrav\u00e9s de uma rede social.<\/p>\n<p>Segundo o Registro de Evento de Defesa Social (Reds), a mulher afirmou que tomou conhecimento que um homem estava assediando a filha atrav\u00e9s de uma p\u00e1gina no Facebook e, inclusive, mantinha conversas com palavras de baixo cal\u00e3o com a adolescente. O homem tamb\u00e9m teria solicitado conversas privadas com a jovem.<\/p>\n<p>A m\u00e3e conseguiu identificar, atrav\u00e9s do perfil do autor, que ele \u00e9 funcion\u00e1rio de uma empresa de Log\u00edstica e Transporte.<\/p>\n","protected":false},"excerpt":{"rendered":"<p>Uma mulher de 32 anos, m\u00e3e de uma adolescente de 12, registrou uma ocorr\u00eancia na noite dessa sexta-feira, 23, ap\u00f3s tomar conhecimento que a filha estava sendo assediada sexualmente atrav\u00e9s de uma rede social. Segundo o Registro de Evento de Defesa Social (Reds), a mulher afirmou que tomou conhecimento que um homem estava assediando a [&hellip;]<\/p>\n","protected":false},"author":96,"featured_media":92584,"comment_status":"closed","ping_status":"closed","sticky":false,"template":"","format":"standard","meta":{"footnotes":""},"categories":[301],"tags":[],"class_list":["post-92585","post","type-post","status-publish","format-standard","has-post-thumbnail","hentry","category-artigos-policiais"],"_links":{"self":[{"href":"https:\/\/diarioregionaldigital.com.br\/index.php?rest_route=\/wp\/v2\/posts\/92585","targetHints":{"allow":["GET"]}}],"collection":[{"href":"https:\/\/diarioregionaldigital.com.br\/index.php?rest_route=\/wp\/v2\/posts"}],"about":[{"href":"https:\/\/diarioregionaldigital.com.br\/index.php?rest_route=\/wp\/v2\/types\/post"}],"author":[{"embeddable":true,"href":"https:\/\/diarioregionaldigital.com.br\/index.php?rest_route=\/wp\/v2\/users\/96"}],"replies":[{"embeddable":true,"href":"https:\/\/diarioregionaldigital.com.br\/index.php?rest_route=%2Fwp%2Fv2%2Fcomments&post=92585"}],"version-history":[{"count":0,"href":"https:\/\/diarioregionaldigital.com.br\/index.php?rest_route=\/wp\/v2\/posts\/92585\/revisions"}],"wp:featuredmedia":[{"embeddable":true,"href":"https:\/\/diarioregionaldigital.com.br\/index.php?rest_route=\/wp\/v2\/media\/92584"}],"wp:attachment":[{"href":"https:\/\/diarioregionaldigital.com.br\/index.php?rest_route=%2Fwp%2Fv2%2Fmedia&parent=92585"}],"wp:term":[{"taxonomy":"category","embeddable":true,"href":"https:\/\/diarioregionaldigital.com.br\/index.php?rest_route=%2Fwp%2Fv2%2Fcategories&post=92585"},{"taxonomy":"post_tag","embeddable":true,"href":"https:\/\/diarioregionaldigital.com.br\/index.php?rest_route=%2Fwp%2Fv2%2Ftags&post=92585"}],"curies":[{"name":"wp","href":"https:\/\/api.w.org\/{rel}","templated":true}]}}