{"id":92583,"date":"2018-02-24T12:56:35","date_gmt":"2018-02-24T15:56:35","guid":{"rendered":"http:\/\/diarioregionaljf.com.br\/2018\/02\/24\/dupla-e-detida-apos-roubar-motocicleta-no-centro\/"},"modified":"2018-02-24T12:56:35","modified_gmt":"2018-02-24T15:56:35","slug":"dupla-e-detida-apos-roubar-motocicleta-no-centro","status":"publish","type":"post","link":"https:\/\/diarioregionaldigital.com.br\/?p=92583","title":{"rendered":"Dupla \u00e9 detida ap\u00f3s roubar motocicleta no Centro"},"content":{"rendered":"<p>Dois homens, 27 e 36 anos, foram presos na Avenida Brasil, pr\u00f3ximo ao Mergulh\u00e3o, ap\u00f3s roubarem uma motocicleta na Rua Engenheiro Jos\u00e9 Carlos Morais Sarmento, situada no bairro Santa Catarina, regi\u00e3o Central.<\/p>\n<p>Conforme o registro da ocorr\u00eancia, ap\u00f3s tomarem conhecimento do roubo, militares iniciaram rastreamento pela regi\u00e3o no intuito de localizar os autores e o ve\u00edculo, por\u00e9m foram informados que havia uma motocicleta com alarme disparado pr\u00f3ximo a uma boate localizada na Avenida Pedro Gentil Forn.<\/p>\n<p>Depois de localizarem o ve\u00edculo, os policiais realizaram buscas pelas imedia\u00e7\u00f5es, mas n\u00e3o encontraram os autores. Ap\u00f3s alguns minutos do primeiro roubo, eles foram comunicados que dois suspeitos com caracter\u00edsticas semelhantes ao primeiro crime teriam tentado roubar outra motocicleta na Avenida Garibaldi Campinhos, no bairro Vitorino Braga, zona Leste, por\u00e9m n\u00e3o obtiveram \u00eaxito devido ao ve\u00edculo estar com pouco combust\u00edvel e, segundo a v\u00edtima, eles fugiram em dire\u00e7\u00e3o \u00e0 Rua Benjamin Constant.<\/p>\n<p>Os militares realizaram rastreamento pelas vias e os encontraram na Avenida Brasil, pr\u00f3ximo ao Mergulh\u00e3o, onde eles deram ordem aos suspeitos para pararem e colocarem as m\u00e3os sobre a cabe\u00e7a. O homem de 36 anos obedeceu ao comando, por\u00e9m o seu comparsa tentou agredir os policiais. Ao ser contido, ele levou a m\u00e3o na cintura, de onde tentou retirar uma pistola, mas foi alvejado na m\u00e3o por um dos militares, que agiu em leg\u00edtima defesa. O autor foi socorrido e levado ao Hospital de Pronto Socorro (HPS), onde foi submetido a uma cirurgia.&nbsp;<\/p>\n<p>O infrator de 36 anos confessou que eles eram os autores dos crimes e alegou que quem estaria portando a arma de fogo durante os delitos eram seu comparsa enquanto ele amea\u00e7ava as v\u00edtimas. Ele foi encaminhado a Delegacia e o outro autor permaneceu sobre escolta policial no hospital.<\/p>\n","protected":false},"excerpt":{"rendered":"<p>Dois homens, 27 e 36 anos, foram presos na Avenida Brasil, pr\u00f3ximo ao Mergulh\u00e3o, ap\u00f3s roubarem uma motocicleta na Rua Engenheiro Jos\u00e9 Carlos Morais Sarmento, situada no bairro Santa Catarina, regi\u00e3o Central. Conforme o registro da ocorr\u00eancia, ap\u00f3s tomarem conhecimento do roubo, militares iniciaram rastreamento pela regi\u00e3o no intuito de localizar os autores e o [&hellip;]<\/p>\n","protected":false},"author":96,"featured_media":92582,"comment_status":"closed","ping_status":"closed","sticky":false,"template":"","format":"standard","meta":{"footnotes":""},"categories":[301],"tags":[],"class_list":["post-92583","post","type-post","status-publish","format-standard","has-post-thumbnail","hentry","category-artigos-policiais"],"_links":{"self":[{"href":"https:\/\/diarioregionaldigital.com.br\/index.php?rest_route=\/wp\/v2\/posts\/92583","targetHints":{"allow":["GET"]}}],"collection":[{"href":"https:\/\/diarioregionaldigital.com.br\/index.php?rest_route=\/wp\/v2\/posts"}],"about":[{"href":"https:\/\/diarioregionaldigital.com.br\/index.php?rest_route=\/wp\/v2\/types\/post"}],"author":[{"embeddable":true,"href":"https:\/\/diarioregionaldigital.com.br\/index.php?rest_route=\/wp\/v2\/users\/96"}],"replies":[{"embeddable":true,"href":"https:\/\/diarioregionaldigital.com.br\/index.php?rest_route=%2Fwp%2Fv2%2Fcomments&post=92583"}],"version-history":[{"count":0,"href":"https:\/\/diarioregionaldigital.com.br\/index.php?rest_route=\/wp\/v2\/posts\/92583\/revisions"}],"wp:featuredmedia":[{"embeddable":true,"href":"https:\/\/diarioregionaldigital.com.br\/index.php?rest_route=\/wp\/v2\/media\/92582"}],"wp:attachment":[{"href":"https:\/\/diarioregionaldigital.com.br\/index.php?rest_route=%2Fwp%2Fv2%2Fmedia&parent=92583"}],"wp:term":[{"taxonomy":"category","embeddable":true,"href":"https:\/\/diarioregionaldigital.com.br\/index.php?rest_route=%2Fwp%2Fv2%2Fcategories&post=92583"},{"taxonomy":"post_tag","embeddable":true,"href":"https:\/\/diarioregionaldigital.com.br\/index.php?rest_route=%2Fwp%2Fv2%2Ftags&post=92583"}],"curies":[{"name":"wp","href":"https:\/\/api.w.org\/{rel}","templated":true}]}}