{"id":92581,"date":"2018-02-24T12:04:40","date_gmt":"2018-02-24T15:04:40","guid":{"rendered":"http:\/\/diarioregionaljf.com.br\/2018\/02\/24\/militares-e-policias-destroem-barricadas-e-apreendem-armas-em-comunidades-do-rio\/"},"modified":"2018-02-24T12:04:40","modified_gmt":"2018-02-24T15:04:40","slug":"militares-e-policias-destroem-barricadas-e-apreendem-armas-em-comunidades-do-rio","status":"publish","type":"post","link":"https:\/\/diarioregionaldigital.com.br\/?p=92581","title":{"rendered":"Militares e pol\u00edcias destroem barricadas e apreendem armas em comunidades do Rio"},"content":{"rendered":"<p>As For\u00e7as Armadas e as pol\u00edcias Civil e Militar do Rio de Janeiro fizeram nessa sexta-feira, 23, a\u00e7\u00f5es em tr\u00eas comunidades na zona oeste da cidade: Vila Kennedy, Vila Alian\u00e7a e Coreia. As tr\u00eas localidades s\u00e3o dominadas por grupos de traficantes e registram tiroteios quase di\u00e1rios.<\/p>\n<p>Na a\u00e7\u00f5es, os militares usaram blindados e atuaram no terreno com 3.200 homens das For\u00e7as Armadas, mais integrantes das pol\u00edcias Civil e Militar. Foram destru\u00eddas barricadas montadas por traficantes. De acordo com a Secretaria de Estado de Seguran\u00e7a (Seseg), 27 pessoas foram encaminhadas para delegacia, sendo um menor de idade. Houve apreens\u00e3o de duas pistolas, um fuzil falso, carregadores de armas, muni\u00e7\u00f5es, 12 carros,13 motos, oito radiotransmissores, al\u00e9m de grande quantidade de drogas.<\/p>\n<p>Um dos objetivos era prender um homem suspeito pela morte de um integrante do Ex\u00e9rcito, que teve sua arma encontrada na Vila Kennedy.<\/p>\n<p>Durante a a\u00e7\u00e3o, agentes das For\u00e7as Armadas cadastraram e tiraram fotos de pessoas durante abordagens. De acordo com o Comando Militar do Leste (CML), a medida \u00e9 para identificar suspeitos com antecedentes criminais ou mandados judiciais. &#8220;O processo chamado &#8220;sarqueamento&#8221; (consulta ao Sistema de Arquivo da Polinter) \u00e9 um procedimento policial para averigua\u00e7\u00e3o da exist\u00eancia de mandado judicial contra pessoas sob suspei\u00e7\u00e3o. O uso da plataforma digital m\u00f3vel (smartphones, por exemplo) d\u00e1 celeridade e abrevia qualquer inc\u00f4modo aos cidad\u00e3os. N\u00e3o h\u00e1 ilegalidade nesse procedimento&#8221;.<\/p>\n<p>O defensor p\u00fablico do estado, Andr\u00e9 Castro, considera que esse tipo de a\u00e7\u00e3o n\u00e3o tem respaldo na Constitui\u00e7\u00e3o. \u201cN\u00e3o se pode, sem uma ordem judicial, ou sem fundada suspeita, abordar o cidad\u00e3o e exigir que ele seja identificado, fotografado. \u00c9 um procedimento que atenta contra a liberdade individual\u201d, disse Castro, durante evento da Defensoria P\u00fablica.<\/p>\n<p>Fonte: Ag\u00eancia Brasil<\/p>\n","protected":false},"excerpt":{"rendered":"<p>As For\u00e7as Armadas e as pol\u00edcias Civil e Militar do Rio de Janeiro fizeram nessa sexta-feira, 23, a\u00e7\u00f5es em tr\u00eas comunidades na zona oeste da cidade: Vila Kennedy, Vila Alian\u00e7a e Coreia. As tr\u00eas localidades s\u00e3o dominadas por grupos de traficantes e registram tiroteios quase di\u00e1rios. Na a\u00e7\u00f5es, os militares usaram blindados e atuaram no [&hellip;]<\/p>\n","protected":false},"author":96,"featured_media":92580,"comment_status":"closed","ping_status":"closed","sticky":false,"template":"","format":"standard","meta":{"footnotes":""},"categories":[302],"tags":[],"class_list":["post-92581","post","type-post","status-publish","format-standard","has-post-thumbnail","hentry","category-brasil-mundo"],"_links":{"self":[{"href":"https:\/\/diarioregionaldigital.com.br\/index.php?rest_route=\/wp\/v2\/posts\/92581","targetHints":{"allow":["GET"]}}],"collection":[{"href":"https:\/\/diarioregionaldigital.com.br\/index.php?rest_route=\/wp\/v2\/posts"}],"about":[{"href":"https:\/\/diarioregionaldigital.com.br\/index.php?rest_route=\/wp\/v2\/types\/post"}],"author":[{"embeddable":true,"href":"https:\/\/diarioregionaldigital.com.br\/index.php?rest_route=\/wp\/v2\/users\/96"}],"replies":[{"embeddable":true,"href":"https:\/\/diarioregionaldigital.com.br\/index.php?rest_route=%2Fwp%2Fv2%2Fcomments&post=92581"}],"version-history":[{"count":0,"href":"https:\/\/diarioregionaldigital.com.br\/index.php?rest_route=\/wp\/v2\/posts\/92581\/revisions"}],"wp:featuredmedia":[{"embeddable":true,"href":"https:\/\/diarioregionaldigital.com.br\/index.php?rest_route=\/wp\/v2\/media\/92580"}],"wp:attachment":[{"href":"https:\/\/diarioregionaldigital.com.br\/index.php?rest_route=%2Fwp%2Fv2%2Fmedia&parent=92581"}],"wp:term":[{"taxonomy":"category","embeddable":true,"href":"https:\/\/diarioregionaldigital.com.br\/index.php?rest_route=%2Fwp%2Fv2%2Fcategories&post=92581"},{"taxonomy":"post_tag","embeddable":true,"href":"https:\/\/diarioregionaldigital.com.br\/index.php?rest_route=%2Fwp%2Fv2%2Ftags&post=92581"}],"curies":[{"name":"wp","href":"https:\/\/api.w.org\/{rel}","templated":true}]}}