{"id":92579,"date":"2018-02-24T11:53:52","date_gmt":"2018-02-24T14:53:52","guid":{"rendered":"http:\/\/diarioregionaljf.com.br\/2018\/02\/24\/settra-altera-transito-para-2-corrida-rustica-cortes-vilella\/"},"modified":"2018-02-24T11:53:52","modified_gmt":"2018-02-24T14:53:52","slug":"settra-altera-transito-para-2-corrida-rustica-cortes-vilella","status":"publish","type":"post","link":"https:\/\/diarioregionaldigital.com.br\/?p=92579","title":{"rendered":"Settra altera tr\u00e2nsito para \u201c2\u00aa Corrida R\u00fastica C\u00f4rtes Vilella\u201d"},"content":{"rendered":"<p>Neste domingo, 25, a Secretaria de Transporte e Tr\u00e2nsito (Settra) da Prefeitura de Juiz de Fora (PJF) promover\u00e1 interven\u00e7\u00f5es nas vias da Cidade Alta, para realiza\u00e7\u00e3o da \u201c2\u00aa Corrida R\u00fastica C\u00f4rtes Vilella\u201d. Das 7h \u00e0s 12h, haver\u00e1 interdi\u00e7\u00e3o total na Via S\u00e3o Pedro (BR-440), entre as ruas Roberto Steigert e Ot\u00e1vio Malvacini.<\/p>\n<p>A largada da corrida principal ser\u00e1 \u00e0s 8h, na BR-440 (Pr\u00f3ximo \u00e0 Rua Roberto Seigert). \u00c0s 9h45, ser\u00e1 a vez do in\u00edcio da disputa infantil, no mesmo local. O percurso acontece pela Avenida Pedro Henrique Krambeck (margem direita), passando pela interse\u00e7\u00e3o com Rua Ot\u00e1vio Malvacini, at\u00e9 pr\u00f3ximo \u00e0 Represa, retornando pelo mesmo trajeto. O acesso ao supermercado Bahamas dever\u00e1 ser realizado pela Rua Jos\u00e9 Louren\u00e7o.<\/p>\n<p>Fonte: Assessoria<\/p>\n","protected":false},"excerpt":{"rendered":"<p>Neste domingo, 25, a Secretaria de Transporte e Tr\u00e2nsito (Settra) da Prefeitura de Juiz de Fora (PJF) promover\u00e1 interven\u00e7\u00f5es nas vias da Cidade Alta, para realiza\u00e7\u00e3o da \u201c2\u00aa Corrida R\u00fastica C\u00f4rtes Vilella\u201d. Das 7h \u00e0s 12h, haver\u00e1 interdi\u00e7\u00e3o total na Via S\u00e3o Pedro (BR-440), entre as ruas Roberto Steigert e Ot\u00e1vio Malvacini. A largada da [&hellip;]<\/p>\n","protected":false},"author":96,"featured_media":92578,"comment_status":"closed","ping_status":"closed","sticky":false,"template":"","format":"standard","meta":{"footnotes":""},"categories":[253],"tags":[],"class_list":["post-92579","post","type-post","status-publish","format-standard","has-post-thumbnail","hentry","category-cidade"],"_links":{"self":[{"href":"https:\/\/diarioregionaldigital.com.br\/index.php?rest_route=\/wp\/v2\/posts\/92579","targetHints":{"allow":["GET"]}}],"collection":[{"href":"https:\/\/diarioregionaldigital.com.br\/index.php?rest_route=\/wp\/v2\/posts"}],"about":[{"href":"https:\/\/diarioregionaldigital.com.br\/index.php?rest_route=\/wp\/v2\/types\/post"}],"author":[{"embeddable":true,"href":"https:\/\/diarioregionaldigital.com.br\/index.php?rest_route=\/wp\/v2\/users\/96"}],"replies":[{"embeddable":true,"href":"https:\/\/diarioregionaldigital.com.br\/index.php?rest_route=%2Fwp%2Fv2%2Fcomments&post=92579"}],"version-history":[{"count":0,"href":"https:\/\/diarioregionaldigital.com.br\/index.php?rest_route=\/wp\/v2\/posts\/92579\/revisions"}],"wp:featuredmedia":[{"embeddable":true,"href":"https:\/\/diarioregionaldigital.com.br\/index.php?rest_route=\/wp\/v2\/media\/92578"}],"wp:attachment":[{"href":"https:\/\/diarioregionaldigital.com.br\/index.php?rest_route=%2Fwp%2Fv2%2Fmedia&parent=92579"}],"wp:term":[{"taxonomy":"category","embeddable":true,"href":"https:\/\/diarioregionaldigital.com.br\/index.php?rest_route=%2Fwp%2Fv2%2Fcategories&post=92579"},{"taxonomy":"post_tag","embeddable":true,"href":"https:\/\/diarioregionaldigital.com.br\/index.php?rest_route=%2Fwp%2Fv2%2Ftags&post=92579"}],"curies":[{"name":"wp","href":"https:\/\/api.w.org\/{rel}","templated":true}]}}