{"id":92573,"date":"2018-02-23T23:37:09","date_gmt":"2018-02-24T02:37:09","guid":{"rendered":"http:\/\/diarioregionaljf.com.br\/2018\/02\/23\/programa-do-irpf-sera-liberado-na-segunda\/"},"modified":"2018-02-23T23:37:09","modified_gmt":"2018-02-24T02:37:09","slug":"programa-do-irpf-sera-liberado-na-segunda","status":"publish","type":"post","link":"https:\/\/diarioregionaldigital.com.br\/?p=92573","title":{"rendered":"Programa do IRPF ser\u00e1 liberado na segunda"},"content":{"rendered":"<p>O prazo para a entrega da Declara\u00e7\u00e3o do Imposto de Renda da Pessoa F\u00edsica (IRPF) come\u00e7a no pr\u00f3ximo dia 1\u00ba e vai at\u00e9 o dia 30 de abril deste ano. O programa de preenchimento da declara\u00e7\u00e3o estar\u00e1 dispon\u00edvel na pr\u00f3xima segunda-feira, 26.<\/p>\n<p>Est\u00e3o obrigados a declarar quem recebeu rendimentos tribut\u00e1veis em 2017, em valores superiores a R$28.559,70. No caso da atividade rural, deve declarar quem teve receita bruta acima R$142.798,50.<\/p>\n<p>&nbsp;<\/p>\n<h4>NOVIDADES DESTE ANO<\/h4>\n<p>O painel inicial do sistema ter\u00e1 informa\u00e7\u00f5es das fichas que poder\u00e3o ser mais relevantes para o contribuinte durante o preenchimento da declara\u00e7\u00e3o.<\/p>\n<p>Neste ano, ser\u00e1 obrigat\u00f3ria a apresenta\u00e7\u00e3o do CPF para dependentes a partir de oito anos, completados at\u00e9 o dia 31 de dezembro de 2017.<\/p>\n<p>Na declara\u00e7\u00e3o de bens, ser\u00e3o inclu\u00eddos campos para informa\u00e7\u00f5es complementares, como n\u00fameros e registros, localiza\u00e7\u00e3o e n\u00famero do Registro Nacional de Ve\u00edculo (Renavam).<\/p>\n<p>Tamb\u00e9m ser\u00e1 inclu\u00edda a informa\u00e7\u00e3o sobre a al\u00edquota efetiva utilizada no c\u00e1lculo da apura\u00e7\u00e3o do imposto.<\/p>\n<p>Outra mudan\u00e7a \u00e9 a possibilidade de impress\u00e3o do Documento de Arrecada\u00e7\u00e3o de Receitas Federais (Darf) para pagamento de todas as quotas do imposto, inclusive as que est\u00e3o em atraso.<\/p>\n<p>&nbsp;<\/p>\n<p>Fonte: Ag\u00eancia Brasil<\/p>\n","protected":false},"excerpt":{"rendered":"<p>O prazo para a entrega da Declara\u00e7\u00e3o do Imposto de Renda da Pessoa F\u00edsica (IRPF) come\u00e7a no pr\u00f3ximo dia 1\u00ba e vai at\u00e9 o dia 30 de abril deste ano. O programa de preenchimento da declara\u00e7\u00e3o estar\u00e1 dispon\u00edvel na pr\u00f3xima segunda-feira, 26. Est\u00e3o obrigados a declarar quem recebeu rendimentos tribut\u00e1veis em 2017, em valores superiores [&hellip;]<\/p>\n","protected":false},"author":96,"featured_media":92572,"comment_status":"closed","ping_status":"closed","sticky":false,"template":"","format":"standard","meta":{"footnotes":""},"categories":[261],"tags":[],"class_list":["post-92573","post","type-post","status-publish","format-standard","has-post-thumbnail","hentry","category-economia"],"_links":{"self":[{"href":"https:\/\/diarioregionaldigital.com.br\/index.php?rest_route=\/wp\/v2\/posts\/92573","targetHints":{"allow":["GET"]}}],"collection":[{"href":"https:\/\/diarioregionaldigital.com.br\/index.php?rest_route=\/wp\/v2\/posts"}],"about":[{"href":"https:\/\/diarioregionaldigital.com.br\/index.php?rest_route=\/wp\/v2\/types\/post"}],"author":[{"embeddable":true,"href":"https:\/\/diarioregionaldigital.com.br\/index.php?rest_route=\/wp\/v2\/users\/96"}],"replies":[{"embeddable":true,"href":"https:\/\/diarioregionaldigital.com.br\/index.php?rest_route=%2Fwp%2Fv2%2Fcomments&post=92573"}],"version-history":[{"count":0,"href":"https:\/\/diarioregionaldigital.com.br\/index.php?rest_route=\/wp\/v2\/posts\/92573\/revisions"}],"wp:featuredmedia":[{"embeddable":true,"href":"https:\/\/diarioregionaldigital.com.br\/index.php?rest_route=\/wp\/v2\/media\/92572"}],"wp:attachment":[{"href":"https:\/\/diarioregionaldigital.com.br\/index.php?rest_route=%2Fwp%2Fv2%2Fmedia&parent=92573"}],"wp:term":[{"taxonomy":"category","embeddable":true,"href":"https:\/\/diarioregionaldigital.com.br\/index.php?rest_route=%2Fwp%2Fv2%2Fcategories&post=92573"},{"taxonomy":"post_tag","embeddable":true,"href":"https:\/\/diarioregionaldigital.com.br\/index.php?rest_route=%2Fwp%2Fv2%2Ftags&post=92573"}],"curies":[{"name":"wp","href":"https:\/\/api.w.org\/{rel}","templated":true}]}}