{"id":92565,"date":"2018-02-23T23:27:31","date_gmt":"2018-02-24T02:27:31","guid":{"rendered":"http:\/\/diarioregionaljf.com.br\/2018\/02\/23\/veja-o-lado-positivo-das-coisas-e-dos-fatos-2\/"},"modified":"2018-04-16T08:09:55","modified_gmt":"2018-04-16T11:09:55","slug":"veja-o-lado-positivo-das-coisas-e-dos-fatos-2","status":"publish","type":"post","link":"https:\/\/diarioregionaldigital.com.br\/?p=92565","title":{"rendered":"Veja O Lado Positivo Das Coisas E Dos Fatos"},"content":{"rendered":"<p style=\"text-align: center;\">Todos somos motoristas do ve\u00edculo chamado vida terrena; dependendo de &#8220;como giramos o volante&#8221;, ou seja, de como direcionamos a mente, podemos seguir por um mundo luminoso ou por um mundo sombrio. O &#8220;volante&#8221; que determina o rumo de nossa vida \u00e9 a palavra que proferimos. Dependendo das palavras que dizemos, podemos caminhar para um mundo luminoso ou para um mundo sombrio.<br \/>Precisamos ser comedidos ao falar. Usa-se a express\u00e3o &#8220;conversa de comadres&#8221; referindo-se a fofocas de mulheres; mas, seja mulher, seja homem, falar demais n\u00e3o \u00e9 bom. Falando-se demais, acaba-se falando mal dos outros. Por isso, \u00e9 melhor ser comedido nas palavras. Al\u00e9m disso, quando conversamos, \u00e0s vezes desabafamos aos outros os nossos problemas, esperando contar com a solidariedade deles; com isso, acabamos recapitulando mentalmente os fatos desagrad\u00e1veis e gravando de novo em nossa mente os problemas que nos afligem. Assim, mesmo que tenhamos lido os livros que cont\u00eam palavras positivas \u2013 como A Verdade e A Verdade da Vida \u2013 e estiv\u00e9ssemos come\u00e7ando a vislumbrar um mundo luminoso, voltamos a remoer os velhos problemas, o que implica usar de modo err\u00f4neo a for\u00e7a criadora da mente e provocar o surgimento, no mundo fenom\u00eanico, de outros problemas que nes tomar\u00e3o mais infelizes. A melhor postura mental \u00e9 esquecer os fatos desagrad\u00e1veis e tristes.<br \/>A Seicho-No-Ie afirma que n\u00e3o existe o passado. O que quer que tenha acontecido no passado, isso j\u00e1 passou. \u00c9 preciso vivificar o agora (o momento que se vive); al\u00e9m do agora, nada existe. Ser feliz no momento presente \u00e9 ser feliz amanh\u00e3 tamb\u00e9m, pois quando o amanh\u00e3 chegar, ele ser\u00e1 o presente, o agora. Sendo feliz cada momento em que se vive, ser\u00e1 feliz eternamente.<br \/>Se voc\u00ea disser uma palavra boa agora, ela ressoar\u00e1 eternamente. Do mesmo modo, ainda que ningu\u00e9m esteja ouvindo ou vendo, se segredar \u00e0 algu\u00e9m um fato desabonador a respeito de um terceiro, isso acabar\u00e1 se propagando. Dizem que &#8220;as paredes t\u00eam ouvidos&#8221; porque um segredo revelado entre quatro paredes acaba sendo espalhado por algu\u00e9m e chega ao conhecimento de todos. N\u00e3o \u00e9 que realmente as paredes tenham ouvidos, mas, quanto mais se queira guardar um segredo, mais ele \u00e9 revelado; \u00e0s vezes, uma crian\u00e7a inocentemente ouve algo e o transmite a terceiros. Quando se fala mal dos outros, mesmo tomando cuidado, isso acaba se espalhando e \u00e0s vezes destr\u00f3i uma amizade de longa data ou traz consequ\u00eancias terr\u00edveis, que podem des-truir a vida da pr\u00f3pria pessoa. Portanto, n\u00e3o devemos falar mal dos outros. Mas, sabendo de algo negativo a respeito de algu\u00e9m, \u00e9 dif\u00edcil guardar segredo; por isso, o melhor \u00e9 n\u00e3o tomar conhecimento de aspectos negativos dos outros.<br \/>Como fazer para n\u00e3o ver e aspecto negativo? Pense que tal aspecto \u00e9 o pren\u00fancio do surgimento do bem aspecto. \u00c9 precise mudar o modo de ver as coisas. Quando nuvens negras encobrirem o c\u00e9u, n\u00e3o pense &#8220;Ih, que chato, vai chover&#8221;, mas mentalize &#8220;Que bom, vai chover e encher o reservat\u00f3rio de \u00e1gua&#8221; ou &#8220;Deus est\u00e1 mandando chuva para n\u00e3o faltar energia el\u00e9trica&#8221;. Todas as coisas podem ser vistas positivamente. Mas o contr\u00e1rio tamb\u00e9m \u00e9 verdadeiro: h\u00e1 pessoas que somente veem o lado negativo das coisas, e geralmente elas t\u00eam destino infeliz.<br \/>Atualmente, discute-se muito a paz e condena-se a guerra como se esta fosse o pr\u00f3prio dem\u00f4nio. Mas at\u00e9 mesmo a guerra tem o seu lado positivo, pois faz o povo unir-se por uma causa comum, desestimulando a vida dissoluta e egoc\u00eantrica e despertando sentimentos nobres. Ao comparar o per\u00edodo de guerra com o p\u00f3s-guerra, parece-me que o povo japon\u00eas j\u00e1 n\u00e3o possui o elevado senso moral de antigamente, deixando-se levar per ideologias que exaltam os prazeres dos sentidos, o individualismo e o egocentrismo. N\u00e3o defendo a guerra, e que quero dizer \u00e9 que nem mesmo a guerra apresenta somente lado negativo. Certo m\u00e9dium captou a seguinte mensagem de um esp\u00edrito: &#8220;Quando se exacerba o ego\u00edsmo dos homens, acontecem guerras e cat\u00e1strofes que contribuem para a purifica\u00e7\u00e3o da alma&#8221;. Em tudo h\u00e1 o lado bom e o lado mau, dependendo do modo de ver.<\/p>\n","protected":false},"excerpt":{"rendered":"<p>Todos somos motoristas do ve\u00edculo chamado vida terrena; dependendo de &#8220;como giramos o volante&#8221;, ou seja, de como direcionamos a mente, podemos seguir por um mundo luminoso ou por um mundo sombrio. O &#8220;volante&#8221; que determina o rumo de nossa vida \u00e9 a palavra que proferimos. Dependendo das palavras que dizemos, podemos caminhar para um [&hellip;]<\/p>\n","protected":false},"author":96,"featured_media":0,"comment_status":"closed","ping_status":"closed","sticky":false,"template":"","format":"standard","meta":{"footnotes":""},"categories":[263],"tags":[],"class_list":["post-92565","post","type-post","status-publish","format-standard","hentry","category-jane-aragao"],"_links":{"self":[{"href":"https:\/\/diarioregionaldigital.com.br\/index.php?rest_route=\/wp\/v2\/posts\/92565","targetHints":{"allow":["GET"]}}],"collection":[{"href":"https:\/\/diarioregionaldigital.com.br\/index.php?rest_route=\/wp\/v2\/posts"}],"about":[{"href":"https:\/\/diarioregionaldigital.com.br\/index.php?rest_route=\/wp\/v2\/types\/post"}],"author":[{"embeddable":true,"href":"https:\/\/diarioregionaldigital.com.br\/index.php?rest_route=\/wp\/v2\/users\/96"}],"replies":[{"embeddable":true,"href":"https:\/\/diarioregionaldigital.com.br\/index.php?rest_route=%2Fwp%2Fv2%2Fcomments&post=92565"}],"version-history":[{"count":0,"href":"https:\/\/diarioregionaldigital.com.br\/index.php?rest_route=\/wp\/v2\/posts\/92565\/revisions"}],"wp:attachment":[{"href":"https:\/\/diarioregionaldigital.com.br\/index.php?rest_route=%2Fwp%2Fv2%2Fmedia&parent=92565"}],"wp:term":[{"taxonomy":"category","embeddable":true,"href":"https:\/\/diarioregionaldigital.com.br\/index.php?rest_route=%2Fwp%2Fv2%2Fcategories&post=92565"},{"taxonomy":"post_tag","embeddable":true,"href":"https:\/\/diarioregionaldigital.com.br\/index.php?rest_route=%2Fwp%2Fv2%2Ftags&post=92565"}],"curies":[{"name":"wp","href":"https:\/\/api.w.org\/{rel}","templated":true}]}}