{"id":92564,"date":"2018-02-23T23:24:42","date_gmt":"2018-02-24T02:24:42","guid":{"rendered":"http:\/\/diarioregionaljf.com.br\/2018\/02\/23\/e-show-5\/"},"modified":"2018-02-23T23:24:42","modified_gmt":"2018-02-24T02:24:42","slug":"e-show-5","status":"publish","type":"post","link":"https:\/\/diarioregionaldigital.com.br\/?p=92564","title":{"rendered":"\u00c9 Show"},"content":{"rendered":"<p style=\"text-align: center;\"><span class=\"h4\">\u00c9 Show<\/span><br \/>Com muita festa, o hexacampe\u00e3o mundial, Sandro Dias \u2013 o Mineirinho, aterrissou em Juiz de Fora e foi recebido com aplausos no Shopping Jardim Norte. Ele visitou o projeto Academia do Skate, que oferece aulas e palestras sobre o esporte. Muito simp\u00e1tico, ele assumiu ser padrinho da iniciativa e fez palestra e demonstra\u00e7\u00e3o para os jovens.<\/p>\n<p style=\"text-align: center;\"><span class=\"h4\">Olha elaaaa&#8230;<\/span><br \/>Ao escolher Laura Carneiro como relatora da interven\u00e7\u00e3o no Rio, o presidente da C\u00e2mara, Rodrigo Maia, deu holofotes a uma aliada. A deputada deve deixar o MDB de Michel Temer, na janela partid\u00e1ria de abril, rumo ao DEM, legenda de Maia. Laura Carneiro votou a favor do prosseguimento da den\u00fancia contra Temer, no ano passado.<\/p>\n<p style=\"text-align: center;\"><span class=\"h4\">Sucesso total<\/span><br \/>O gim Am\u00e1zzoni, que \u00e9 produzido em uma fazenda no interior do Rio pelo mixologista Tato Giovannoni, pelo artista pl\u00e1stico Alexandre Mazza e pelo arquiteto Arturo Isola, est\u00e1 entre os finalistas do pr\u00eamio World Gin Award 2018. O resultado sai no dia 15 de mar\u00e7o. Estamos na torcida.<\/p>\n<p style=\"text-align: center;\"><span class=\"h4\">Anivers\u00e1rio<\/span><br \/>Em comemora\u00e7\u00e3o ao anivers\u00e1rio do preletor Francisco de Assis Matias, o Sistema Regional de Comunica\u00e7\u00e3o, em nome da pessoa da preletora Dra. Jane Mariza Cond\u00e9 de Arag\u00e3o e toda a diretoria, cumprimenta-o pela passagem de mais uma data natal\u00edcia. Muitas felicidades e paz!<\/p>\n<p style=\"text-align: center;\"><span class=\"h4\">Hostess<\/span><br \/>Chegando de temporada na Europa, a elegante Soraya Mathiase recebeu este colunista para almo\u00e7o na bela casa no Na\u00fatico. Na mesa com lou\u00e7a chinesa ela serviu Vieiras com leite de castanha e tangerinas, creme de mexilh\u00e3o e camar\u00f5es. De sobremesa sorvetes de frutas vermelhas.<\/p>\n<p style=\"text-align: center;\"><img decoding=\"async\" class=\" size-full wp-image-92554\" src=\"http:\/\/diarioregionaljf.com.br\/wp-content\/uploads\/2018\/02\/diario-int-24467-1.jpg\" alt=\"fotoa.jpg\" width=\"680\" style=\"display: block; margin-left: auto; margin-right: auto;\" srcset=\"https:\/\/diarioregionaldigital.com.br\/wp-content\/uploads\/2018\/02\/diario-int-24467-1.jpg 680w, https:\/\/diarioregionaldigital.com.br\/wp-content\/uploads\/2018\/02\/diario-int-24467-1-300x199.jpg 300w, https:\/\/diarioregionaldigital.com.br\/wp-content\/uploads\/2018\/02\/diario-int-24467-1-360x238.jpg 360w\" sizes=\"(max-width: 680px) 100vw, 680px\" \/>Gente elegante na Esta\u00e7\u00e3o S\u00e3o Pedro, Grazzia Zorzo, Myrliane Le\u00e3o e Paulo Zorzo<\/p>\n<p style=\"text-align: center;\"><img decoding=\"async\" class=\" size-full wp-image-92555\" src=\"http:\/\/diarioregionaljf.com.br\/wp-content\/uploads\/2018\/02\/diario-int-24467-2.JPG\" alt=\"fotob.JPG\" width=\"680\" style=\"display: block; margin-left: auto; margin-right: auto;\" srcset=\"https:\/\/diarioregionaldigital.com.br\/wp-content\/uploads\/2018\/02\/diario-int-24467-2.JPG 680w, https:\/\/diarioregionaldigital.com.br\/wp-content\/uploads\/2018\/02\/diario-int-24467-2-300x199.jpg 300w, https:\/\/diarioregionaldigital.com.br\/wp-content\/uploads\/2018\/02\/diario-int-24467-2-360x238.jpg 360w\" sizes=\"(max-width: 680px) 100vw, 680px\" \/>No baile da ressaca no Pub\u2019s, Eduardo Gomes, Arthur Magalh\u00e3es e Marcus Vin\u00edcius Gomes da Rocha<\/p>\n<p style=\"text-align: center;\"><img decoding=\"async\" class=\" size-full wp-image-92556\" src=\"http:\/\/diarioregionaljf.com.br\/wp-content\/uploads\/2018\/02\/diario-int-24467-3.jpg\" alt=\"fotoc.jpg\" width=\"680\" style=\"display: block; margin-left: auto; margin-right: auto;\" srcset=\"https:\/\/diarioregionaldigital.com.br\/wp-content\/uploads\/2018\/02\/diario-int-24467-3.jpg 678w, https:\/\/diarioregionaldigital.com.br\/wp-content\/uploads\/2018\/02\/diario-int-24467-3-265x300.jpg 265w, https:\/\/diarioregionaldigital.com.br\/wp-content\/uploads\/2018\/02\/diario-int-24467-3-360x408.jpg 360w\" sizes=\"(max-width: 678px) 100vw, 678px\" \/>O Viva Ver\u00e3o de Patr\u00edcia Alvim em Ubatuba<\/p>\n<p style=\"text-align: center;\"><img decoding=\"async\" class=\" size-full wp-image-92557\" src=\"http:\/\/diarioregionaljf.com.br\/wp-content\/uploads\/2018\/02\/diario-int-24467-4.jpg\" alt=\"fotod.jpg\" width=\"680\" style=\"display: block; margin-left: auto; margin-right: auto;\" srcset=\"https:\/\/diarioregionaldigital.com.br\/wp-content\/uploads\/2018\/02\/diario-int-24467-4.jpg 680w, https:\/\/diarioregionaldigital.com.br\/wp-content\/uploads\/2018\/02\/diario-int-24467-4-300x199.jpg 300w, https:\/\/diarioregionaldigital.com.br\/wp-content\/uploads\/2018\/02\/diario-int-24467-4-360x238.jpg 360w\" sizes=\"(max-width: 680px) 100vw, 680px\" \/>Em momento momesco em Guarani, Erika Beire, Jos\u00e2nea Guelber e Gilson Jenevani Dias<\/p>\n<p style=\"text-align: center;\"><img decoding=\"async\" class=\" size-full wp-image-92558\" src=\"http:\/\/diarioregionaljf.com.br\/wp-content\/uploads\/2018\/02\/diario-int-24467-5.jpg\" alt=\"fotoe.jpg\" width=\"680\" style=\"display: block; margin-left: auto; margin-right: auto;\" srcset=\"https:\/\/diarioregionaldigital.com.br\/wp-content\/uploads\/2018\/02\/diario-int-24467-5.jpg 677w, https:\/\/diarioregionaldigital.com.br\/wp-content\/uploads\/2018\/02\/diario-int-24467-5-264x300.jpg 264w, https:\/\/diarioregionaldigital.com.br\/wp-content\/uploads\/2018\/02\/diario-int-24467-5-360x408.jpg 360w\" sizes=\"(max-width: 677px) 100vw, 677px\" \/>Absoluto vestindo alto-ver\u00e3o 4 Live, o top dos tops, Lucas Ottoni Lokkerbol<\/p>\n<p style=\"text-align: center;\"><img decoding=\"async\" class=\" size-full wp-image-92559\" src=\"http:\/\/diarioregionaljf.com.br\/wp-content\/uploads\/2018\/02\/diario-int-24467-6.jpg\" alt=\"fotof.jpg\" width=\"680\" style=\"display: block; margin-left: auto; margin-right: auto;\" srcset=\"https:\/\/diarioregionaldigital.com.br\/wp-content\/uploads\/2018\/02\/diario-int-24467-6.jpg 680w, https:\/\/diarioregionaldigital.com.br\/wp-content\/uploads\/2018\/02\/diario-int-24467-6-300x199.jpg 300w, https:\/\/diarioregionaldigital.com.br\/wp-content\/uploads\/2018\/02\/diario-int-24467-6-360x238.jpg 360w\" sizes=\"(max-width: 680px) 100vw, 680px\" \/>Em momento riqueza na fazenda em Rio Preto, os lindos, Wellington Soares, J\u00f4natas Willemen, Rodrigo Motta e D\u00e9bora Coelho<\/p>\n<p style=\"text-align: center;\"><img decoding=\"async\" class=\" size-full wp-image-92560\" src=\"http:\/\/diarioregionaljf.com.br\/wp-content\/uploads\/2018\/02\/diario-int-24467-7.jpg\" alt=\"fotog.jpg\" width=\"680\" style=\"display: block; margin-left: auto; margin-right: auto;\" srcset=\"https:\/\/diarioregionaldigital.com.br\/wp-content\/uploads\/2018\/02\/diario-int-24467-7.jpg 680w, https:\/\/diarioregionaldigital.com.br\/wp-content\/uploads\/2018\/02\/diario-int-24467-7-266x300.jpg 266w, https:\/\/diarioregionaldigital.com.br\/wp-content\/uploads\/2018\/02\/diario-int-24467-7-360x407.jpg 360w\" sizes=\"(max-width: 680px) 100vw, 680px\" \/>Simbolizando a beleza do homem mineiro, o muso desta coluna, Patrick Marocco<\/p>\n<p style=\"text-align: center;\"><img decoding=\"async\" class=\" size-full wp-image-92561\" src=\"http:\/\/diarioregionaljf.com.br\/wp-content\/uploads\/2018\/02\/diario-int-24467-8.jpg\" alt=\"fotoh.jpg\" width=\"680\" style=\"display: block; margin-left: auto; margin-right: auto;\" srcset=\"https:\/\/diarioregionaldigital.com.br\/wp-content\/uploads\/2018\/02\/diario-int-24467-8.jpg 680w, https:\/\/diarioregionaldigital.com.br\/wp-content\/uploads\/2018\/02\/diario-int-24467-8-266x300.jpg 266w, https:\/\/diarioregionaldigital.com.br\/wp-content\/uploads\/2018\/02\/diario-int-24467-8-360x407.jpg 360w\" sizes=\"(max-width: 680px) 100vw, 680px\" \/>Em momento social, Aline Rodrigues e Diogo Esteves<\/p>\n<p style=\"text-align: center;\"><img decoding=\"async\" class=\" size-full wp-image-92562\" src=\"http:\/\/diarioregionaljf.com.br\/wp-content\/uploads\/2018\/02\/diario-int-24467-9.jpg\" alt=\"fotoi.jpg\" width=\"680\" style=\"display: block; margin-left: auto; margin-right: auto;\" srcset=\"https:\/\/diarioregionaldigital.com.br\/wp-content\/uploads\/2018\/02\/diario-int-24467-9.jpg 680w, https:\/\/diarioregionaldigital.com.br\/wp-content\/uploads\/2018\/02\/diario-int-24467-9-266x300.jpg 266w, https:\/\/diarioregionaldigital.com.br\/wp-content\/uploads\/2018\/02\/diario-int-24467-9-360x407.jpg 360w\" sizes=\"(max-width: 680px) 100vw, 680px\" \/>Fazendo pit-stop para esta coluna, Giovana e kau\u00e3 Esteves<\/p>\n<p style=\"text-align: center;\"><img decoding=\"async\" class=\" size-full wp-image-92563\" src=\"http:\/\/diarioregionaljf.com.br\/wp-content\/uploads\/2018\/02\/diario-int-24467-10.jpg\" alt=\"fotoj.jpg\" width=\"680\" style=\"display: block; margin-left: auto; margin-right: auto;\" srcset=\"https:\/\/diarioregionaldigital.com.br\/wp-content\/uploads\/2018\/02\/diario-int-24467-10.jpg 680w, https:\/\/diarioregionaldigital.com.br\/wp-content\/uploads\/2018\/02\/diario-int-24467-10-300x199.jpg 300w, https:\/\/diarioregionaldigital.com.br\/wp-content\/uploads\/2018\/02\/diario-int-24467-10-360x238.jpg 360w\" sizes=\"(max-width: 680px) 100vw, 680px\" \/>Na fervilhante Avalon, a dupla sensa\u00e7\u00e3o Leonardo de Freitas &amp; Fabiano recebeu no palco o cantor-revela\u00e7\u00e3o Wesley Ferry<\/p>\n<p class=\"h4\" style=\"text-align: center;\">FOTOSS\u00cdNTESE<\/p>\n<p>Agendado para este domingo, 25, no MHall, a final do concurso Miss e Mister Juiz de Fora 2018. \u00c0s 19h.<\/p>\n<p>Neste domingo, 25, a Arquidiocese de Juiz de Fora promove a Via Sacra Jovem ao Morro do Cristo. Com a participa\u00e7\u00e3o de centenas de fi\u00e9is, a sa\u00edda ser\u00e1 da Igreja Nossa Senhora de F\u00e1tima, na Cidade Alta.<\/p>\n<p>Para os antenados de plant\u00e3o, \u00e9 bom avisar que ser\u00e1 no dia 20 de mar\u00e7o, no Gran Victory, o LeaderShip Experience Day (Led), com os palestrantes internacionais J.R. MC Gee e o PHD Dr. Bruce De Runtz.<\/p>\n<p>Claudia Nunes (site Oclick), fotografou a bonita cole\u00e7\u00e3o outono inverno da My Place, durante fin\u00edssimo coquetel de lan\u00e7amento. Recebendo as convidadas, a elegante Renata Santos Mota Duarte.<\/p>\n<p>Para discutir policiamento na divisa de Minas Gerais com o Estado do Rio de Janeiro, o prefeito de Juiz de Fora Bruno Siqueira se reuniu com comandos das pol\u00edcias Militar e Civil. No encontro foram debatidas as possibilidades de colabora\u00e7\u00e3o da Administra\u00e7\u00e3o Municipal com as for\u00e7as policiais.<\/p>\n<p>Com sua sensibilidade agu\u00e7ada, Juliana James reuniu amigos e familiares para o lan\u00e7amento do livro Ser Diferente \u00e9 legal. Foi na Arteria e teve conta\u00e7\u00e3o de hist\u00f3ria.<\/p>\n<p>O espa\u00e7o cultural do Cine- Theatro Central oferece visitas guiadas para particulares e institui\u00e7\u00f5es de ensino. Para agendar, o telefone: 3231-4051.<\/p>\n<p>O talentoso artista-pl\u00e1stico Carlos Bracher anunciou que tem planos de lan\u00e7ar um livro material com mais de 200 obras. A pesquisa vai revelar a arte do artista, que estreou no Sal\u00e3o Municipal de Belas Artes, h\u00e1 seis d\u00e9cadas passadas.<\/p>\n<p>A escritora Angelina Nardy vai lan\u00e7ar em breve novo livro pela editora Gryfus by Maria Helena Sleutjes.<\/p>\n<p>Renata Hargreaves est\u00e1 com novidades em carteiras, bolsas e roupas multi-marcas nas Lojas Victor Hugo.<\/p>\n<p>Dedicado aos jovens, a psic\u00f3loga Jennifer da Silva Gramiani Celeste publicou o poema \u201cDa Juventude (Brasileira)\u201d na colet\u00e2nea \u201c\u00c9 isso mesmo!?\u201d, da Editora Perse (Projeto Apparere).<\/p>\n<p>Aniversariante de destaque da semana, o m\u00e9dico diretor cl\u00ednico do Hospital Albert Sabin, Jos\u00e9 Roberto Lanziotti dos Reis.<\/p>\n<p>Voc\u00ea sabia? Os m\u00e1gicos conhecem \u201cfalhas\u201d do seu sistema visual. E se aproveitam delas para criar ilus\u00f5es com ajuda da ilumina\u00e7\u00e3o. Bom dia.<\/p>\n","protected":false},"excerpt":{"rendered":"<p>\u00c9 ShowCom muita festa, o hexacampe\u00e3o mundial, Sandro Dias \u2013 o Mineirinho, aterrissou em Juiz de Fora e foi recebido com aplausos no Shopping Jardim Norte. Ele visitou o projeto Academia do Skate, que oferece aulas e palestras sobre o esporte. Muito simp\u00e1tico, ele assumiu ser padrinho da iniciativa e fez palestra e demonstra\u00e7\u00e3o para [&hellip;]<\/p>\n","protected":false},"author":96,"featured_media":92553,"comment_status":"closed","ping_status":"closed","sticky":false,"template":"","format":"standard","meta":{"footnotes":""},"categories":[264],"tags":[],"class_list":["post-92564","post","type-post","status-publish","format-standard","has-post-thumbnail","hentry","category-eduardo-gomes"],"_links":{"self":[{"href":"https:\/\/diarioregionaldigital.com.br\/index.php?rest_route=\/wp\/v2\/posts\/92564","targetHints":{"allow":["GET"]}}],"collection":[{"href":"https:\/\/diarioregionaldigital.com.br\/index.php?rest_route=\/wp\/v2\/posts"}],"about":[{"href":"https:\/\/diarioregionaldigital.com.br\/index.php?rest_route=\/wp\/v2\/types\/post"}],"author":[{"embeddable":true,"href":"https:\/\/diarioregionaldigital.com.br\/index.php?rest_route=\/wp\/v2\/users\/96"}],"replies":[{"embeddable":true,"href":"https:\/\/diarioregionaldigital.com.br\/index.php?rest_route=%2Fwp%2Fv2%2Fcomments&post=92564"}],"version-history":[{"count":0,"href":"https:\/\/diarioregionaldigital.com.br\/index.php?rest_route=\/wp\/v2\/posts\/92564\/revisions"}],"wp:featuredmedia":[{"embeddable":true,"href":"https:\/\/diarioregionaldigital.com.br\/index.php?rest_route=\/wp\/v2\/media\/92553"}],"wp:attachment":[{"href":"https:\/\/diarioregionaldigital.com.br\/index.php?rest_route=%2Fwp%2Fv2%2Fmedia&parent=92564"}],"wp:term":[{"taxonomy":"category","embeddable":true,"href":"https:\/\/diarioregionaldigital.com.br\/index.php?rest_route=%2Fwp%2Fv2%2Fcategories&post=92564"},{"taxonomy":"post_tag","embeddable":true,"href":"https:\/\/diarioregionaldigital.com.br\/index.php?rest_route=%2Fwp%2Fv2%2Ftags&post=92564"}],"curies":[{"name":"wp","href":"https:\/\/api.w.org\/{rel}","templated":true}]}}